{"id":6967,"date":"2018-02-07T15:05:54","date_gmt":"2018-02-07T15:05:54","guid":{"rendered":"http:\/\/insmonturiol.cat\/lalumnat-deso-a-la-xerrada-sobre-criptografia-doscar-font"},"modified":"2018-02-07T15:05:54","modified_gmt":"2018-02-07T15:05:54","slug":"lalumnat-deso-a-la-xerrada-sobre-criptografia-doscar-font","status":"publish","type":"post","link":"https:\/\/agora.xtec.cat\/iesnarcismonturiol\/general\/lalumnat-deso-a-la-xerrada-sobre-criptografia-doscar-font\/","title":{"rendered":"L&#8217;alumnat d&#8217;ESO a la xerrada sobre Criptografia d&#8217;\u00d2scar Font"},"content":{"rendered":"<p>&nbsp;<\/p>\n<p>Avui , dimecres 7 de febrer de 2018, el Departament de Matem\u00e0tiques ha organitzat unes xerrades per als alumnes d\u2019ESO en que l\u2019\u00d2scar Font, m\u00fasic de l\u2019orquestra de jazz La Locomotora Negra (premi Creu de Sant Jordi el 2002) ens ha vingut a explicar una passi\u00f3 seva que res te a veure amb la m\u00fasica: el m\u00f3n de la criptografia.<\/p>\n<p>L\u2019\u00d2scar, dins dels seus estudis en disseny, es va especialitzar en el vessant de falsificaci\u00f3, i aix\u00ed va entrar en contacte amb la criptografia, de la qual \u00e9s un expert.<\/p>\n<p>Hem pogut aprendre quin \u00e9s el significat d\u2019aquesta paraula (la t\u00e8cnica d\u2019amagar informaci\u00f3 en missatges xifrats) i la seva evoluci\u00f3 al llarg de la hist\u00f2ria. L\u2019\u00d2scar ens ha fet una demostraci\u00f3 pr\u00e0ctica del funcionament de la m\u00e0quina Enigma, amb la qual l&#8217;ex\u00e8rcit alemany xifrava els missatges secrets durant la 2\u00aa Guerra Mundial. Nom\u00e9s hi ha dues m\u00e0quines Enigma a Espanya, i una est\u00e0 en la seva possessi\u00f3 (va haver de vendre\u2019s un clarinet del Woody Allen per poder pagar-la!).<\/p>\n<p>Els alumnes i professorat han manifestat el seu inter\u00e8s per la xerrada, que ha sigut molt amena. Esperem que hagi despertat la imaginaci\u00f3 en algunes persones i que els serveixi d\u2019inspiraci\u00f3 per altres temes relacionats amb les matem\u00e0tiques.<\/p>\n<p>Israel Orga, professor de matem\u00e0tiques<\/p>\n<p>&nbsp;<\/p>\n<p>L\u2019altre dia va venir a l\u2019institut un home expert en criptografia. Ens va fer una xerrada sobre els diferents missatges secrets al llarg de la hist\u00f2ria, i tamb\u00e9 sobre les t\u00e8cniques de encriptaci\u00f3 utilitzades en aquests. Ens va explicar que, per exemple, els antics xinesos es menjaven els papers on estaven escrits els missatges, i aix\u00ed es mantenien en secret fins arribar al seu dest\u00ed. O tamb\u00e9 que es podia crear un missatge secret movent de lloc les lletres de l\u2019alfabet. Despr\u00e9s, ens va explicar que havia portat una m\u00e0quina que els nazis utilitzaven per enviar missatges encriptats. Ens va explicar el seu funcionament, i ens va deixar fer-li fotografies. Aquesta visita ens ha servit per aprendre sobre la criptografia, i ens ha ajudat a estimular la nostra curiositat.<\/p>\n<p>Oto, 2n d&#8217;ESO<\/p>\n<p><a href=\"http:\/\/insmonturiol.cat\/wp-content\/uploads\/2018\/02\/b5fe6d5c-465a-47b1-bdc0-15621d1b0d9e.jpg\"><img loading=\"lazy\" decoding=\"async\" class=\"size-medium wp-image-6968 alignleft\" src=\"http:\/\/insmonturiol.cat\/wp-content\/uploads\/2018\/02\/b5fe6d5c-465a-47b1-bdc0-15621d1b0d9e-225x300.jpg\" alt=\"\" width=\"225\" height=\"300\" srcset=\"https:\/\/agora.xtec.cat\/iesnarcismonturiol\/wp-content\/uploads\/usu2521\/2018\/02\/b5fe6d5c-465a-47b1-bdc0-15621d1b0d9e-225x300.jpg 225w, https:\/\/agora.xtec.cat\/iesnarcismonturiol\/wp-content\/uploads\/usu2521\/2018\/02\/b5fe6d5c-465a-47b1-bdc0-15621d1b0d9e-768x1024.jpg 768w, https:\/\/agora.xtec.cat\/iesnarcismonturiol\/wp-content\/uploads\/usu2521\/2018\/02\/b5fe6d5c-465a-47b1-bdc0-15621d1b0d9e-1152x1536.jpg 1152w, https:\/\/agora.xtec.cat\/iesnarcismonturiol\/wp-content\/uploads\/usu2521\/2018\/02\/b5fe6d5c-465a-47b1-bdc0-15621d1b0d9e.jpg 1200w\" sizes=\"auto, (max-width: 225px) 100vw, 225px\" \/><\/a><\/p>\n<p>&nbsp;<\/p>\n<p>&nbsp;<\/p>\n<p>&nbsp;<\/p>\n<p>&nbsp;<\/p>\n<p>&nbsp;<\/p>\n<p>m\u00e0quina Enigma amb la que l&#8217;ex\u00e8rcit alemany xifrava els missatges, va estar enterrada durant 70 anys i ha estat restaurada.<\/p>\n","protected":false},"excerpt":{"rendered":"<p>&nbsp;<br \/>\nAvui , dimecres 7 de febrer de 2018, el Departament de Matem\u00e0tiques ha organitzat unes xerrades per als alumnes d\u2019ESO en que l\u2019\u00d2scar Font, m\u00fasic de l\u2019orquestra de jazz La Locomotora Negra (premi Creu de Sant Jordi el 2002) ens ha vingut a explicar una&hellip;  <a href=\"https:\/\/agora.xtec.cat\/iesnarcismonturiol\/general\/lalumnat-deso-a-la-xerrada-sobre-criptografia-doscar-font\/\" title=\"Read L&#8217;alumnat d&#8217;ESO a la xerrada sobre Criptografia d&#8217;\u00d2scar Font\">Llegeix m\u00e9s\u00bb<\/a><\/p>\n","protected":false},"author":5,"featured_media":6968,"comment_status":"closed","ping_status":"closed","sticky":false,"template":"","format":"standard","meta":{"_bbp_topic_count":0,"_bbp_reply_count":0,"_bbp_total_topic_count":0,"_bbp_total_reply_count":0,"_bbp_voice_count":0,"_bbp_anonymous_reply_count":0,"_bbp_topic_count_hidden":0,"_bbp_reply_count_hidden":0,"_bbp_forum_subforum_count":0,"footnotes":""},"categories":[1,131],"tags":[41,313],"class_list":["post-6967","post","type-post","status-publish","format-standard","has-post-thumbnail","hentry","category-general","category-matematiques-economia","tag-matematiques","tag-treball-per-projectes"],"post_mailing_queue_ids":[],"_links":{"self":[{"href":"https:\/\/agora.xtec.cat\/iesnarcismonturiol\/wp-json\/wp\/v2\/posts\/6967","targetHints":{"allow":["GET"]}}],"collection":[{"href":"https:\/\/agora.xtec.cat\/iesnarcismonturiol\/wp-json\/wp\/v2\/posts"}],"about":[{"href":"https:\/\/agora.xtec.cat\/iesnarcismonturiol\/wp-json\/wp\/v2\/types\/post"}],"author":[{"embeddable":true,"href":"https:\/\/agora.xtec.cat\/iesnarcismonturiol\/wp-json\/wp\/v2\/users\/5"}],"replies":[{"embeddable":true,"href":"https:\/\/agora.xtec.cat\/iesnarcismonturiol\/wp-json\/wp\/v2\/comments?post=6967"}],"version-history":[{"count":0,"href":"https:\/\/agora.xtec.cat\/iesnarcismonturiol\/wp-json\/wp\/v2\/posts\/6967\/revisions"}],"wp:featuredmedia":[{"embeddable":true,"href":"https:\/\/agora.xtec.cat\/iesnarcismonturiol\/wp-json\/wp\/v2\/media\/6968"}],"wp:attachment":[{"href":"https:\/\/agora.xtec.cat\/iesnarcismonturiol\/wp-json\/wp\/v2\/media?parent=6967"}],"wp:term":[{"taxonomy":"category","embeddable":true,"href":"https:\/\/agora.xtec.cat\/iesnarcismonturiol\/wp-json\/wp\/v2\/categories?post=6967"},{"taxonomy":"post_tag","embeddable":true,"href":"https:\/\/agora.xtec.cat\/iesnarcismonturiol\/wp-json\/wp\/v2\/tags?post=6967"}],"curies":[{"name":"wp","href":"https:\/\/api.w.org\/{rel}","templated":true}]}}