{"id":6959,"date":"2018-02-06T14:26:06","date_gmt":"2018-02-06T14:26:06","guid":{"rendered":"http:\/\/insmonturiol.cat\/la-placa-del-diamant-2n-de-batxillerat-al-sat"},"modified":"2018-02-06T14:26:06","modified_gmt":"2018-02-06T14:26:06","slug":"la-placa-del-diamant-2n-de-batxillerat-al-sat-2","status":"publish","type":"post","link":"https:\/\/agora.xtec.cat\/iesnarcismonturiol\/general\/la-placa-del-diamant-2n-de-batxillerat-al-sat-2\/","title":{"rendered":"La Pla\u00e7a del Diamant, 2n de batxillerat al SAT"},"content":{"rendered":"<div><a href=\"http:\/\/insmonturiol.cat\/wp-content\/uploads\/2018\/02\/sat.jpg\"><img loading=\"lazy\" decoding=\"async\" class=\"size-medium wp-image-6960 alignleft\" src=\"http:\/\/insmonturiol.cat\/wp-content\/uploads\/2018\/02\/sat-224x300.jpg\" alt=\"\" width=\"224\" height=\"300\" srcset=\"https:\/\/agora.xtec.cat\/iesnarcismonturiol\/wp-content\/uploads\/usu2521\/2018\/02\/sat-224x300.jpg 224w, https:\/\/agora.xtec.cat\/iesnarcismonturiol\/wp-content\/uploads\/usu2521\/2018\/02\/sat-765x1024.jpg 765w, https:\/\/agora.xtec.cat\/iesnarcismonturiol\/wp-content\/uploads\/usu2521\/2018\/02\/sat-768x1027.jpg 768w, https:\/\/agora.xtec.cat\/iesnarcismonturiol\/wp-content\/uploads\/usu2521\/2018\/02\/sat-1148x1536.jpg 1148w, https:\/\/agora.xtec.cat\/iesnarcismonturiol\/wp-content\/uploads\/usu2521\/2018\/02\/sat.jpg 1196w\" sizes=\"auto, (max-width: 224px) 100vw, 224px\" \/><\/a>El dimecres 31 de gener, l&#8217;alumnes de 2n de Batxillerat v\u00e0rem fer una sortida al teatre SAT, on vam gaudir de la obra de teatre: La pla\u00e7a del Diamant.<\/div>\n<div><\/div>\n<div>Trobem que es va tractar d&#8217;una sortida molt interessant, ja que ens va deixar con\u00e8ixer una mica m\u00e9s en profunditat com eren els personatges, el fil conductor de l&#8217;obra. Tot i que el m\u00e9s interessant va estar el petit col\u00b7loqui que va tenir lloc un cop finalitzada l&#8217;obra. Era el moment en el qual pod\u00edem preguntar totes les nostres curiositats i dubtes als actors sobre l&#8217;obra o qualsevol fet que ens intrigu\u00e9s. Va ser una manera molt interessant de resoldre dubtes, ja que qui millor que els actors, que coneixien perfectament els personatges,\u00a0 per a respondre&#8217;ns les nostres preguntes sobre la Pla\u00e7a del Diamant.<\/div>\n<div><\/div>\n<div>A m\u00e9s a m\u00e9s ens va servir per veure l&#8217;obra des d&#8217;un altre punt de vista, i reflexionar sobre temes que potser no ens hav\u00edem plantejat.<\/div>\n<div>Tot plegat, la sortida va ser molt profitosa i interessant.<\/div>\n<div><\/div>\n<div>Marina Marco, 2n batxillerat B<\/div>\n","protected":false},"excerpt":{"rendered":"<p><a href=\"http:\/\/insmonturiol.cat\/wp-content\/uploads\/2018\/02\/sat.jpg\"><\/a>El dimecres 31 de gener, l&#8217;alumnes de 2n de Batxillerat v\u00e0rem fer una sortida al teatre SAT, on vam gaudir de la obra de teatre: La pla\u00e7a del Diamant.<\/p>\n<p>Trobem que es va tractar d&#8217;una sortida molt interessant, ja que ens va deixar con\u00e8ixer una&hellip;  <a href=\"https:\/\/agora.xtec.cat\/iesnarcismonturiol\/general\/la-placa-del-diamant-2n-de-batxillerat-al-sat-2\/\" title=\"Read La Pla\u00e7a del Diamant, 2n de batxillerat al SAT\">Llegeix m\u00e9s\u00bb<\/a><\/p>\n","protected":false},"author":5,"featured_media":6960,"comment_status":"closed","ping_status":"closed","sticky":false,"template":"","format":"standard","meta":{"_bbp_topic_count":0,"_bbp_reply_count":0,"_bbp_total_topic_count":0,"_bbp_total_reply_count":0,"_bbp_voice_count":0,"_bbp_anonymous_reply_count":0,"_bbp_topic_count_hidden":0,"_bbp_reply_count_hidden":0,"_bbp_forum_subforum_count":0,"footnotes":""},"categories":[121,1],"tags":[245,40],"class_list":["post-6959","post","type-post","status-publish","format-standard","has-post-thumbnail","hentry","category-catala","category-general","tag-literatura","tag-teatre"],"post_mailing_queue_ids":[],"_links":{"self":[{"href":"https:\/\/agora.xtec.cat\/iesnarcismonturiol\/wp-json\/wp\/v2\/posts\/6959","targetHints":{"allow":["GET"]}}],"collection":[{"href":"https:\/\/agora.xtec.cat\/iesnarcismonturiol\/wp-json\/wp\/v2\/posts"}],"about":[{"href":"https:\/\/agora.xtec.cat\/iesnarcismonturiol\/wp-json\/wp\/v2\/types\/post"}],"author":[{"embeddable":true,"href":"https:\/\/agora.xtec.cat\/iesnarcismonturiol\/wp-json\/wp\/v2\/users\/5"}],"replies":[{"embeddable":true,"href":"https:\/\/agora.xtec.cat\/iesnarcismonturiol\/wp-json\/wp\/v2\/comments?post=6959"}],"version-history":[{"count":0,"href":"https:\/\/agora.xtec.cat\/iesnarcismonturiol\/wp-json\/wp\/v2\/posts\/6959\/revisions"}],"wp:featuredmedia":[{"embeddable":true,"href":"https:\/\/agora.xtec.cat\/iesnarcismonturiol\/wp-json\/wp\/v2\/media\/6960"}],"wp:attachment":[{"href":"https:\/\/agora.xtec.cat\/iesnarcismonturiol\/wp-json\/wp\/v2\/media?parent=6959"}],"wp:term":[{"taxonomy":"category","embeddable":true,"href":"https:\/\/agora.xtec.cat\/iesnarcismonturiol\/wp-json\/wp\/v2\/categories?post=6959"},{"taxonomy":"post_tag","embeddable":true,"href":"https:\/\/agora.xtec.cat\/iesnarcismonturiol\/wp-json\/wp\/v2\/tags?post=6959"}],"curies":[{"name":"wp","href":"https:\/\/api.w.org\/{rel}","templated":true}]}}