{"id":6934,"date":"2017-11-11T16:13:27","date_gmt":"2017-11-11T16:13:27","guid":{"rendered":"http:\/\/insmonturiol.cat\/1r-deso-al-museu-de-la-musica"},"modified":"2017-11-11T16:13:27","modified_gmt":"2017-11-11T16:13:27","slug":"1r-deso-al-museu-de-la-musica","status":"publish","type":"post","link":"https:\/\/agora.xtec.cat\/iesnarcismonturiol\/general\/1r-deso-al-museu-de-la-musica\/","title":{"rendered":"1r d&#8217;ESO al Museu de la M\u00fasica"},"content":{"rendered":"<p><a href=\"http:\/\/insmonturiol.cat\/wp-content\/uploads\/2018\/01\/IMG_20171027_103727.jpg\"><img loading=\"lazy\" decoding=\"async\" class=\"size-medium wp-image-6935 alignleft\" src=\"http:\/\/insmonturiol.cat\/wp-content\/uploads\/2018\/01\/IMG_20171027_103727-300x225.jpg\" alt=\"\" width=\"300\" height=\"225\" srcset=\"https:\/\/agora.xtec.cat\/iesnarcismonturiol\/wp-content\/uploads\/usu2521\/2018\/01\/IMG_20171027_103727-300x225.jpg 300w, https:\/\/agora.xtec.cat\/iesnarcismonturiol\/wp-content\/uploads\/usu2521\/2018\/01\/IMG_20171027_103727-1024x768.jpg 1024w, https:\/\/agora.xtec.cat\/iesnarcismonturiol\/wp-content\/uploads\/usu2521\/2018\/01\/IMG_20171027_103727-768x576.jpg 768w, https:\/\/agora.xtec.cat\/iesnarcismonturiol\/wp-content\/uploads\/usu2521\/2018\/01\/IMG_20171027_103727-1536x1152.jpg 1536w, https:\/\/agora.xtec.cat\/iesnarcismonturiol\/wp-content\/uploads\/usu2521\/2018\/01\/IMG_20171027_103727-2048x1536.jpg 2048w, https:\/\/agora.xtec.cat\/iesnarcismonturiol\/wp-content\/uploads\/usu2521\/2018\/01\/IMG_20171027_103727-200x150.jpg 200w\" sizes=\"auto, (max-width: 300px) 100vw, 300px\" \/><\/a> <a href=\"http:\/\/insmonturiol.cat\/wp-content\/uploads\/2018\/01\/IMG_20171027_110358.jpg\"><img loading=\"lazy\" decoding=\"async\" class=\"size-medium wp-image-6937 alignleft\" src=\"http:\/\/insmonturiol.cat\/wp-content\/uploads\/2018\/01\/IMG_20171027_110358-300x225.jpg\" alt=\"\" width=\"300\" height=\"225\" srcset=\"https:\/\/agora.xtec.cat\/iesnarcismonturiol\/wp-content\/uploads\/usu2521\/2018\/01\/IMG_20171027_110358-300x225.jpg 300w, https:\/\/agora.xtec.cat\/iesnarcismonturiol\/wp-content\/uploads\/usu2521\/2018\/01\/IMG_20171027_110358-1024x768.jpg 1024w, https:\/\/agora.xtec.cat\/iesnarcismonturiol\/wp-content\/uploads\/usu2521\/2018\/01\/IMG_20171027_110358-768x576.jpg 768w, https:\/\/agora.xtec.cat\/iesnarcismonturiol\/wp-content\/uploads\/usu2521\/2018\/01\/IMG_20171027_110358-1536x1152.jpg 1536w, https:\/\/agora.xtec.cat\/iesnarcismonturiol\/wp-content\/uploads\/usu2521\/2018\/01\/IMG_20171027_110358-2048x1536.jpg 2048w, https:\/\/agora.xtec.cat\/iesnarcismonturiol\/wp-content\/uploads\/usu2521\/2018\/01\/IMG_20171027_110358-200x150.jpg 200w\" sizes=\"auto, (max-width: 300px) 100vw, 300px\" \/><\/a><\/p>\n<p>La sortida al museu de la m\u00fasica de Barcelona va ser la primera excursi\u00f3 que vam fer l&#8217;alumnat de 1r d&#8217;ESO en arribar a l&#8217;institut, per\u00f2 1er A i 1er B\u00a0 no hi vam anar-hi junts.<\/p>\n<p>Primer vam anar a fer el taller .\u00c9s tractava de tocar un\u00a0 instrument ( per parelles) que es diu gamelan que \u00e9s t\u00edpic de Bali. A Bali normalment nom\u00e9s una persona toca el gamelan perqu\u00e8 \u00e9s un instrument bastant dif\u00edcil de tocar.<\/p>\n<p>Una vegada vam acabar de fer l\u2019activitat vam anar a visitar el museu i vam veure molt\u00edssimes instruments com guitarres, pianos o instruments de vent com trompetes o tubes.<\/p>\n<p>La nostra primera sortida, molt interessant!<\/p>\n<p>Montserrat, 1r d&#8217;ESO A<\/p>\n","protected":false},"excerpt":{"rendered":"<p><a href=\"http:\/\/insmonturiol.cat\/wp-content\/uploads\/2018\/01\/IMG_20171027_103727.jpg\"><\/a> <a href=\"http:\/\/insmonturiol.cat\/wp-content\/uploads\/2018\/01\/IMG_20171027_110358.jpg\"><\/a><br \/>\nLa sortida al museu de la m\u00fasica de Barcelona va ser la primera excursi\u00f3 que vam fer l&#8217;alumnat de 1r d&#8217;ESO en arribar a l&#8217;institut, per\u00f2 1er A i 1er B\u00a0 no hi vam anar-hi junts.<br \/>\nPrimer vam anar a fer el taller&hellip;  <a href=\"https:\/\/agora.xtec.cat\/iesnarcismonturiol\/general\/1r-deso-al-museu-de-la-musica\/\" title=\"Read 1r d&#8217;ESO al Museu de la M\u00fasica\">Llegeix m\u00e9s\u00bb<\/a><\/p>\n","protected":false},"author":5,"featured_media":6936,"comment_status":"closed","ping_status":"closed","sticky":false,"template":"","format":"standard","meta":{"_bbp_topic_count":0,"_bbp_reply_count":0,"_bbp_total_topic_count":0,"_bbp_total_reply_count":0,"_bbp_voice_count":0,"_bbp_anonymous_reply_count":0,"_bbp_topic_count_hidden":0,"_bbp_reply_count_hidden":0,"_bbp_forum_subforum_count":0,"footnotes":""},"categories":[128,1],"tags":[263],"class_list":["post-6934","post","type-post","status-publish","format-standard","has-post-thumbnail","hentry","category-expressio","category-general","tag-musica"],"post_mailing_queue_ids":[],"_links":{"self":[{"href":"https:\/\/agora.xtec.cat\/iesnarcismonturiol\/wp-json\/wp\/v2\/posts\/6934","targetHints":{"allow":["GET"]}}],"collection":[{"href":"https:\/\/agora.xtec.cat\/iesnarcismonturiol\/wp-json\/wp\/v2\/posts"}],"about":[{"href":"https:\/\/agora.xtec.cat\/iesnarcismonturiol\/wp-json\/wp\/v2\/types\/post"}],"author":[{"embeddable":true,"href":"https:\/\/agora.xtec.cat\/iesnarcismonturiol\/wp-json\/wp\/v2\/users\/5"}],"replies":[{"embeddable":true,"href":"https:\/\/agora.xtec.cat\/iesnarcismonturiol\/wp-json\/wp\/v2\/comments?post=6934"}],"version-history":[{"count":0,"href":"https:\/\/agora.xtec.cat\/iesnarcismonturiol\/wp-json\/wp\/v2\/posts\/6934\/revisions"}],"wp:featuredmedia":[{"embeddable":true,"href":"https:\/\/agora.xtec.cat\/iesnarcismonturiol\/wp-json\/wp\/v2\/media\/6936"}],"wp:attachment":[{"href":"https:\/\/agora.xtec.cat\/iesnarcismonturiol\/wp-json\/wp\/v2\/media?parent=6934"}],"wp:term":[{"taxonomy":"category","embeddable":true,"href":"https:\/\/agora.xtec.cat\/iesnarcismonturiol\/wp-json\/wp\/v2\/categories?post=6934"},{"taxonomy":"post_tag","embeddable":true,"href":"https:\/\/agora.xtec.cat\/iesnarcismonturiol\/wp-json\/wp\/v2\/tags?post=6934"}],"curies":[{"name":"wp","href":"https:\/\/api.w.org\/{rel}","templated":true}]}}