{"id":6794,"date":"2017-11-10T14:56:53","date_gmt":"2017-11-10T14:56:53","guid":{"rendered":"http:\/\/insmonturiol.cat\/terra-baixa-2n-de-batxillerat-al-sat"},"modified":"2017-11-10T14:56:53","modified_gmt":"2017-11-10T14:56:53","slug":"terra-baixa-2n-de-batxillerat-al-sat","status":"publish","type":"post","link":"https:\/\/agora.xtec.cat\/iesnarcismonturiol\/general\/terra-baixa-2n-de-batxillerat-al-sat\/","title":{"rendered":"Terra baixa, 2n de batxillerat al SAT"},"content":{"rendered":"<p>El dia 7 de novembre, els alumnes de 2n de batxillerat van anar al SAT Teatre de Sant Andreu per veure la representaci\u00f3 teatral de l&#8217;obra &#8220;Terra baixa&#8221;, d&#8217;\u00c0ngel Guimer\u00e0. Els alumnes van aprofitar la posada en escena i el col\u00b7loqui posterior amb els actors i el director per acabar d&#8217;aclarir alguns aspectes del text, que enguany \u00e9s lectura obligat\u00f2ria de l&#8217;assignatura de llengua catalana i literatura.<\/p>\n","protected":false},"excerpt":{"rendered":"<p>El dia 7 de novembre, els alumnes de 2n de batxillerat van anar al SAT Teatre de Sant Andreu per veure la representaci\u00f3 teatral de l&#8217;obra &#8220;Terra baixa&#8221;, d&#8217;\u00c0ngel Guimer\u00e0. Els alumnes van aprofitar la posada en escena i el col\u00b7loqui posterior amb els actors&hellip;  <a href=\"https:\/\/agora.xtec.cat\/iesnarcismonturiol\/general\/terra-baixa-2n-de-batxillerat-al-sat\/\" title=\"Read Terra baixa, 2n de batxillerat al SAT\">Llegeix m\u00e9s\u00bb<\/a><\/p>\n","protected":false},"author":5,"featured_media":6074,"comment_status":"closed","ping_status":"closed","sticky":false,"template":"","format":"standard","meta":{"_bbp_topic_count":0,"_bbp_reply_count":0,"_bbp_total_topic_count":0,"_bbp_total_reply_count":0,"_bbp_voice_count":0,"_bbp_anonymous_reply_count":0,"_bbp_topic_count_hidden":0,"_bbp_reply_count_hidden":0,"_bbp_forum_subforum_count":0,"footnotes":""},"categories":[121,1],"tags":[245,40],"class_list":["post-6794","post","type-post","status-publish","format-standard","has-post-thumbnail","hentry","category-catala","category-general","tag-literatura","tag-teatre"],"post_mailing_queue_ids":[],"_links":{"self":[{"href":"https:\/\/agora.xtec.cat\/iesnarcismonturiol\/wp-json\/wp\/v2\/posts\/6794","targetHints":{"allow":["GET"]}}],"collection":[{"href":"https:\/\/agora.xtec.cat\/iesnarcismonturiol\/wp-json\/wp\/v2\/posts"}],"about":[{"href":"https:\/\/agora.xtec.cat\/iesnarcismonturiol\/wp-json\/wp\/v2\/types\/post"}],"author":[{"embeddable":true,"href":"https:\/\/agora.xtec.cat\/iesnarcismonturiol\/wp-json\/wp\/v2\/users\/5"}],"replies":[{"embeddable":true,"href":"https:\/\/agora.xtec.cat\/iesnarcismonturiol\/wp-json\/wp\/v2\/comments?post=6794"}],"version-history":[{"count":0,"href":"https:\/\/agora.xtec.cat\/iesnarcismonturiol\/wp-json\/wp\/v2\/posts\/6794\/revisions"}],"wp:featuredmedia":[{"embeddable":true,"href":"https:\/\/agora.xtec.cat\/iesnarcismonturiol\/wp-json\/wp\/v2\/media\/6074"}],"wp:attachment":[{"href":"https:\/\/agora.xtec.cat\/iesnarcismonturiol\/wp-json\/wp\/v2\/media?parent=6794"}],"wp:term":[{"taxonomy":"category","embeddable":true,"href":"https:\/\/agora.xtec.cat\/iesnarcismonturiol\/wp-json\/wp\/v2\/categories?post=6794"},{"taxonomy":"post_tag","embeddable":true,"href":"https:\/\/agora.xtec.cat\/iesnarcismonturiol\/wp-json\/wp\/v2\/tags?post=6794"}],"curies":[{"name":"wp","href":"https:\/\/api.w.org\/{rel}","templated":true}]}}