{"id":6747,"date":"2017-10-02T10:39:56","date_gmt":"2017-10-02T10:39:56","guid":{"rendered":"http:\/\/insmonturiol.cat\/manifest-de-linstitut-narcis-monturiol"},"modified":"2017-10-02T10:39:56","modified_gmt":"2017-10-02T10:39:56","slug":"manifest-de-linstitut-narcis-monturiol","status":"publish","type":"post","link":"https:\/\/agora.xtec.cat\/iesnarcismonturiol\/general\/manifest-de-linstitut-narcis-monturiol\/","title":{"rendered":"Manifest de l&#8217;Institut Narc\u00eds Monturiol"},"content":{"rendered":"<p><a href=\"http:\/\/insmonturiol.cat\/wp-content\/uploads\/2017\/10\/IMG-9139.jpg\"><img loading=\"lazy\" decoding=\"async\" class=\"size-medium wp-image-6748 alignleft\" src=\"http:\/\/insmonturiol.cat\/wp-content\/uploads\/2017\/10\/IMG-9139-300x225.jpg\" alt=\"\" width=\"300\" height=\"225\" srcset=\"https:\/\/agora.xtec.cat\/iesnarcismonturiol\/wp-content\/uploads\/usu2521\/2017\/10\/IMG-9139-300x225.jpg 300w, https:\/\/agora.xtec.cat\/iesnarcismonturiol\/wp-content\/uploads\/usu2521\/2017\/10\/IMG-9139-1024x768.jpg 1024w, https:\/\/agora.xtec.cat\/iesnarcismonturiol\/wp-content\/uploads\/usu2521\/2017\/10\/IMG-9139-768x576.jpg 768w, https:\/\/agora.xtec.cat\/iesnarcismonturiol\/wp-content\/uploads\/usu2521\/2017\/10\/IMG-9139-1536x1152.jpg 1536w, https:\/\/agora.xtec.cat\/iesnarcismonturiol\/wp-content\/uploads\/usu2521\/2017\/10\/IMG-9139-2048x1536.jpg 2048w, https:\/\/agora.xtec.cat\/iesnarcismonturiol\/wp-content\/uploads\/usu2521\/2017\/10\/IMG-9139-200x150.jpg 200w\" sizes=\"auto, (max-width: 300px) 100vw, 300px\" \/><\/a><a href=\"http:\/\/insmonturiol.cat\/wp-content\/uploads\/2017\/10\/IMG-9062.jpg\"><img loading=\"lazy\" decoding=\"async\" class=\"size-medium wp-image-6750 alignleft\" src=\"http:\/\/insmonturiol.cat\/wp-content\/uploads\/2017\/10\/IMG-9062-300x225.jpg\" alt=\"\" width=\"300\" height=\"225\" srcset=\"https:\/\/agora.xtec.cat\/iesnarcismonturiol\/wp-content\/uploads\/usu2521\/2017\/10\/IMG-9062-300x225.jpg 300w, https:\/\/agora.xtec.cat\/iesnarcismonturiol\/wp-content\/uploads\/usu2521\/2017\/10\/IMG-9062-1024x768.jpg 1024w, https:\/\/agora.xtec.cat\/iesnarcismonturiol\/wp-content\/uploads\/usu2521\/2017\/10\/IMG-9062-768x576.jpg 768w, https:\/\/agora.xtec.cat\/iesnarcismonturiol\/wp-content\/uploads\/usu2521\/2017\/10\/IMG-9062-1536x1152.jpg 1536w, https:\/\/agora.xtec.cat\/iesnarcismonturiol\/wp-content\/uploads\/usu2521\/2017\/10\/IMG-9062-2048x1536.jpg 2048w, https:\/\/agora.xtec.cat\/iesnarcismonturiol\/wp-content\/uploads\/usu2521\/2017\/10\/IMG-9062-200x150.jpg 200w\" sizes=\"auto, (max-width: 300px) 100vw, 300px\" \/><\/a><a href=\"http:\/\/insmonturiol.cat\/wp-content\/uploads\/2017\/10\/IMG-9060.jpg\"><img loading=\"lazy\" decoding=\"async\" class=\"size-medium wp-image-6749 alignleft\" src=\"http:\/\/insmonturiol.cat\/wp-content\/uploads\/2017\/10\/IMG-9060-300x225.jpg\" alt=\"\" width=\"300\" height=\"225\" srcset=\"https:\/\/agora.xtec.cat\/iesnarcismonturiol\/wp-content\/uploads\/usu2521\/2017\/10\/IMG-9060-300x225.jpg 300w, https:\/\/agora.xtec.cat\/iesnarcismonturiol\/wp-content\/uploads\/usu2521\/2017\/10\/IMG-9060-1024x768.jpg 1024w, https:\/\/agora.xtec.cat\/iesnarcismonturiol\/wp-content\/uploads\/usu2521\/2017\/10\/IMG-9060-768x576.jpg 768w, https:\/\/agora.xtec.cat\/iesnarcismonturiol\/wp-content\/uploads\/usu2521\/2017\/10\/IMG-9060-1536x1152.jpg 1536w, https:\/\/agora.xtec.cat\/iesnarcismonturiol\/wp-content\/uploads\/usu2521\/2017\/10\/IMG-9060-2048x1536.jpg 2048w, https:\/\/agora.xtec.cat\/iesnarcismonturiol\/wp-content\/uploads\/usu2521\/2017\/10\/IMG-9060-200x150.jpg 200w\" sizes=\"auto, (max-width: 300px) 100vw, 300px\" \/><\/a><\/p>\n<p>Bon dia Narc\u00eds Monturiol,<\/p>\n<p>Aquestes paraules s\u00f3n un crit per la injust\u00edcia en la que per desgr\u00e0cia ens hem vist envoltats als carrers dels pobles i ciutats de Catalunya.<\/p>\n<p>A casa, a l&#8217;escola, a l&#8217;institut; des de petits, se&#8217;ns han inculcat uns valors de llibertat, no viol\u00e8ncia, respecte i toler\u00e0ncia, els quals, van ser vulnerats en el dia d&#8217;ahir, on els cossos de seguretat van exercir una pol\u00edtica de viol\u00e8ncia injustificada que va promoure el terror davant d&#8217;una lluita pac\u00edfica.<\/p>\n<p>Aix\u00f2 va m\u00e9s enll\u00e0 de fronteres i partits pol\u00edtics, estem parlant de democr\u00e0cia, de llibertat d&#8217;expressi\u00f3 i d&#8217;un rotund no a la viol\u00e8ncia.<\/p>\n<p>Des de l&#8217;Institut Narc\u00eds Monturiol condemnem aquests actes i desitgem una r\u00e0pida recuperaci\u00f3 a totes aquelles persones agredides de manera desproporcionada.<\/p>\n","protected":false},"excerpt":{"rendered":"<p><a href=\"http:\/\/insmonturiol.cat\/wp-content\/uploads\/2017\/10\/IMG-9139.jpg\"><\/a><a href=\"http:\/\/insmonturiol.cat\/wp-content\/uploads\/2017\/10\/IMG-9062.jpg\"><\/a><a href=\"http:\/\/insmonturiol.cat\/wp-content\/uploads\/2017\/10\/IMG-9060.jpg\"><\/a><br \/>\nBon dia Narc\u00eds Monturiol,<br \/>\nAquestes paraules s\u00f3n un crit per la injust\u00edcia en la que per desgr\u00e0cia ens hem vist envoltats als carrers dels pobles i ciutats de Catalunya.<br \/>\nA casa, a l&#8217;escola, a l&#8217;institut; des de petits, se&#8217;ns han inculcat uns valors de&hellip;  <a href=\"https:\/\/agora.xtec.cat\/iesnarcismonturiol\/general\/manifest-de-linstitut-narcis-monturiol\/\" title=\"Read Manifest de l&#8217;Institut Narc\u00eds Monturiol\">Llegeix m\u00e9s\u00bb<\/a><\/p>\n","protected":false},"author":5,"featured_media":6751,"comment_status":"closed","ping_status":"closed","sticky":false,"template":"","format":"standard","meta":{"_bbp_topic_count":0,"_bbp_reply_count":0,"_bbp_total_topic_count":0,"_bbp_total_reply_count":0,"_bbp_voice_count":0,"_bbp_anonymous_reply_count":0,"_bbp_topic_count_hidden":0,"_bbp_reply_count_hidden":0,"_bbp_forum_subforum_count":0,"footnotes":""},"categories":[1],"tags":[303,318],"class_list":["post-6747","post","type-post","status-publish","format-standard","has-post-thumbnail","hentry","category-general","tag-solidaritat","tag-tutoria"],"post_mailing_queue_ids":[],"_links":{"self":[{"href":"https:\/\/agora.xtec.cat\/iesnarcismonturiol\/wp-json\/wp\/v2\/posts\/6747","targetHints":{"allow":["GET"]}}],"collection":[{"href":"https:\/\/agora.xtec.cat\/iesnarcismonturiol\/wp-json\/wp\/v2\/posts"}],"about":[{"href":"https:\/\/agora.xtec.cat\/iesnarcismonturiol\/wp-json\/wp\/v2\/types\/post"}],"author":[{"embeddable":true,"href":"https:\/\/agora.xtec.cat\/iesnarcismonturiol\/wp-json\/wp\/v2\/users\/5"}],"replies":[{"embeddable":true,"href":"https:\/\/agora.xtec.cat\/iesnarcismonturiol\/wp-json\/wp\/v2\/comments?post=6747"}],"version-history":[{"count":0,"href":"https:\/\/agora.xtec.cat\/iesnarcismonturiol\/wp-json\/wp\/v2\/posts\/6747\/revisions"}],"wp:featuredmedia":[{"embeddable":true,"href":"https:\/\/agora.xtec.cat\/iesnarcismonturiol\/wp-json\/wp\/v2\/media\/6751"}],"wp:attachment":[{"href":"https:\/\/agora.xtec.cat\/iesnarcismonturiol\/wp-json\/wp\/v2\/media?parent=6747"}],"wp:term":[{"taxonomy":"category","embeddable":true,"href":"https:\/\/agora.xtec.cat\/iesnarcismonturiol\/wp-json\/wp\/v2\/categories?post=6747"},{"taxonomy":"post_tag","embeddable":true,"href":"https:\/\/agora.xtec.cat\/iesnarcismonturiol\/wp-json\/wp\/v2\/tags?post=6747"}],"curies":[{"name":"wp","href":"https:\/\/api.w.org\/{rel}","templated":true}]}}