{"id":6590,"date":"2017-06-26T08:40:38","date_gmt":"2017-06-26T08:40:38","guid":{"rendered":"http:\/\/insmonturiol.cat\/3r-deso-i-el-projecte-un-mon-per-implicar-se"},"modified":"2017-06-26T08:40:38","modified_gmt":"2017-06-26T08:40:38","slug":"3r-deso-i-el-projecte-un-mon-per-implicar-se","status":"publish","type":"post","link":"https:\/\/agora.xtec.cat\/iesnarcismonturiol\/general\/3r-deso-i-el-projecte-un-mon-per-implicar-se\/","title":{"rendered":"3r d&#8217;ESO i el projecte: &#8220;Un m\u00f3n per implicar-se&#8221;"},"content":{"rendered":"<p>El projecte\u00a0<i>Un m\u00f3n per implicar-se<\/i>\u00a0de 3r d&#8217;ESO s&#8217;ha realitzat amb tres tallers de sensibilitzaci\u00f3 de la Fundaci\u00f3 Adsis\u00a0en el qual s&#8217;ha col\u00b7laborat amb el pla comunitari del Carmel (Carmel Amunt) i entre altres activitats s&#8217;ha fet una recollida d&#8217;aliments dissenyades i organitzades per l&#8217;alumnat de l&#8217;Institut. A m\u00e9s han pogut con\u00e8ixer alternatives a l&#8217;assistencialisme per transformar la societat d&#8217;arrel i repensant el paper que hi tenim tots plegats.<\/p>\n<p><a href=\"http:\/\/insmonturiol.cat\/wp-content\/uploads\/2017\/06\/DSCN1287.jpg\"><img loading=\"lazy\" decoding=\"async\" class=\"aligncenter size-medium wp-image-6592\" src=\"http:\/\/insmonturiol.cat\/wp-content\/uploads\/2017\/06\/DSCN1287-300x225.jpg\" alt=\"\" width=\"300\" height=\"225\" srcset=\"https:\/\/agora.xtec.cat\/iesnarcismonturiol\/wp-content\/uploads\/usu2521\/2017\/06\/DSCN1287-300x225.jpg 300w, https:\/\/agora.xtec.cat\/iesnarcismonturiol\/wp-content\/uploads\/usu2521\/2017\/06\/DSCN1287-1024x768.jpg 1024w, https:\/\/agora.xtec.cat\/iesnarcismonturiol\/wp-content\/uploads\/usu2521\/2017\/06\/DSCN1287-768x576.jpg 768w, https:\/\/agora.xtec.cat\/iesnarcismonturiol\/wp-content\/uploads\/usu2521\/2017\/06\/DSCN1287-1536x1152.jpg 1536w, https:\/\/agora.xtec.cat\/iesnarcismonturiol\/wp-content\/uploads\/usu2521\/2017\/06\/DSCN1287-2048x1536.jpg 2048w, https:\/\/agora.xtec.cat\/iesnarcismonturiol\/wp-content\/uploads\/usu2521\/2017\/06\/DSCN1287-200x150.jpg 200w\" sizes=\"auto, (max-width: 300px) 100vw, 300px\" \/><\/a><\/p>\n<p>\u00c9s una experi\u00e8ncia enriquidora, llegiu alguns dels seus comentaris:<\/p>\n<p>Qu\u00e8 \u00e9s el que m\u00e9s valores del projecte?<\/p>\n<p>-La cooperaci\u00f3, l&#8217;empenta i la solidaritat.<\/p>\n<p>-Que ens ha unit m\u00e9s com a grup gr\u00e0cies a totes les activitats, i ens ha fet veure les coses d&#8217;una altra manera.<\/p>\n<p>-Poder ajudar a gent que ho necessita.<\/p>\n<p>-Que m&#8217;hagin ensenyat totes les cares del que passa al meu voltant<\/p>\n<p>BONA FEINA 3r d&#8217;ESO!!!!<\/p>\n<p>&nbsp;<\/p>\n","protected":false},"excerpt":{"rendered":"<p>El projecte\u00a0Un m\u00f3n per implicar-se\u00a0de 3r d&#8217;ESO s&#8217;ha realitzat amb tres tallers de sensibilitzaci\u00f3 de la Fundaci\u00f3 Adsis\u00a0en el qual s&#8217;ha col\u00b7laborat amb el pla comunitari del Carmel (Carmel Amunt) i entre altres activitats s&#8217;ha fet una recollida d&#8217;aliments dissenyades i organitzades per l&#8217;alumnat de&hellip;  <a href=\"https:\/\/agora.xtec.cat\/iesnarcismonturiol\/general\/3r-deso-i-el-projecte-un-mon-per-implicar-se\/\" title=\"Read 3r d&#8217;ESO i el projecte: &#8220;Un m\u00f3n per implicar-se&#8221;\">Llegeix m\u00e9s\u00bb<\/a><\/p>\n","protected":false},"author":5,"featured_media":6591,"comment_status":"closed","ping_status":"closed","sticky":false,"template":"","format":"standard","meta":{"_bbp_topic_count":0,"_bbp_reply_count":0,"_bbp_total_topic_count":0,"_bbp_total_reply_count":0,"_bbp_voice_count":0,"_bbp_anonymous_reply_count":0,"_bbp_topic_count_hidden":0,"_bbp_reply_count_hidden":0,"_bbp_forum_subforum_count":0,"footnotes":""},"categories":[1],"tags":[207,303,313],"class_list":["post-6590","post","type-post","status-publish","format-standard","has-post-thumbnail","hentry","category-general","tag-entorn","tag-solidaritat","tag-treball-per-projectes"],"post_mailing_queue_ids":[],"_links":{"self":[{"href":"https:\/\/agora.xtec.cat\/iesnarcismonturiol\/wp-json\/wp\/v2\/posts\/6590","targetHints":{"allow":["GET"]}}],"collection":[{"href":"https:\/\/agora.xtec.cat\/iesnarcismonturiol\/wp-json\/wp\/v2\/posts"}],"about":[{"href":"https:\/\/agora.xtec.cat\/iesnarcismonturiol\/wp-json\/wp\/v2\/types\/post"}],"author":[{"embeddable":true,"href":"https:\/\/agora.xtec.cat\/iesnarcismonturiol\/wp-json\/wp\/v2\/users\/5"}],"replies":[{"embeddable":true,"href":"https:\/\/agora.xtec.cat\/iesnarcismonturiol\/wp-json\/wp\/v2\/comments?post=6590"}],"version-history":[{"count":0,"href":"https:\/\/agora.xtec.cat\/iesnarcismonturiol\/wp-json\/wp\/v2\/posts\/6590\/revisions"}],"wp:featuredmedia":[{"embeddable":true,"href":"https:\/\/agora.xtec.cat\/iesnarcismonturiol\/wp-json\/wp\/v2\/media\/6591"}],"wp:attachment":[{"href":"https:\/\/agora.xtec.cat\/iesnarcismonturiol\/wp-json\/wp\/v2\/media?parent=6590"}],"wp:term":[{"taxonomy":"category","embeddable":true,"href":"https:\/\/agora.xtec.cat\/iesnarcismonturiol\/wp-json\/wp\/v2\/categories?post=6590"},{"taxonomy":"post_tag","embeddable":true,"href":"https:\/\/agora.xtec.cat\/iesnarcismonturiol\/wp-json\/wp\/v2\/tags?post=6590"}],"curies":[{"name":"wp","href":"https:\/\/api.w.org\/{rel}","templated":true}]}}