{"id":6588,"date":"2017-06-21T09:27:01","date_gmt":"2017-06-21T09:27:01","guid":{"rendered":"http:\/\/insmonturiol.cat\/implicat-el-servei-comunitari-de-4t-deso"},"modified":"2017-06-21T09:27:01","modified_gmt":"2017-06-21T09:27:01","slug":"implicat-el-servei-comunitari-de-4t-deso","status":"publish","type":"post","link":"https:\/\/agora.xtec.cat\/iesnarcismonturiol\/general\/implicat-el-servei-comunitari-de-4t-deso\/","title":{"rendered":"Implica&#8217;t: El Servei Comunitari de 4t d&#8217;ESO"},"content":{"rendered":"<p>La participaci\u00f3 de l&#8217;alumnat \u00e9s un dels eixos de treball del nostre centre. Construir una xarxa que permeti donar resposta a totes aquelles iniciatives que ajuden a construir un entorn millor per a tothom. En aquest sentit, a 4t d&#8217;ESO l&#8217;alumnat forma part del Projecte Implica&#8217;t promogut per Adsis juntament amb altres nois i noies d&#8217;Instituts de la zona amb els qui han organitzat una s\u00e8rie d&#8217;activitats adre\u00e7ades al barri com la<b>\u00a0festa infantil solid\u00e0ria<\/b>\u00a0que es va fer al CEIP Pau Casals per part d&#8217;alumnes de l&#8217;INS Monturiol, INS Goya i INS Vall d&#8217;Hebron, \u00a0la\u00a0<b>paradeta de Carnestoltes i taller de pinta cares<\/b>\u00a0infantil que van fer els\/les joves del Monturiol a la Casa Groga amb l&#8217;objectiu d&#8217;obtenir recolzament per a l&#8217;ONG Cultivant Vida en el seu projecte d&#8217;Horts Comunitaris a G\u00e0mbia.<\/p>\n<p>L&#8217;alumnat del Centre tamb\u00e9 ha fet voluntariat al CEIP El Carmel fent classes de rep\u00e0s i llegint contes als m\u00e9s petits.<\/p>\n<p>A l&#8217;Institut volem la implicaci\u00f3 dels nois i noies i ens agrada que continu\u00efn quan cursen batxillerat en les diverses actuacions \u00a0com el voluntariat en refor\u00e7 educatiu i lleure al CEIP El Carmel, campanyes de consum responsable, visites a entitats socials, acompanyaments a gent gran a resid\u00e8ncies o la campanya &#8220;Cap infant sense joguina&#8221;<\/p>\n<p>&nbsp;<\/p>\n<p><a href=\"http:\/\/insmonturiol.cat\/wp-content\/uploads\/2017\/06\/DSCN2121.jpg\"><img loading=\"lazy\" decoding=\"async\" class=\"size-medium wp-image-6602 alignleft\" src=\"http:\/\/insmonturiol.cat\/wp-content\/uploads\/2017\/06\/DSCN2121-300x225.jpg\" alt=\"\" width=\"300\" height=\"225\" srcset=\"https:\/\/agora.xtec.cat\/iesnarcismonturiol\/wp-content\/uploads\/usu2521\/2017\/06\/DSCN2121-300x225.jpg 300w, https:\/\/agora.xtec.cat\/iesnarcismonturiol\/wp-content\/uploads\/usu2521\/2017\/06\/DSCN2121-1024x768.jpg 1024w, https:\/\/agora.xtec.cat\/iesnarcismonturiol\/wp-content\/uploads\/usu2521\/2017\/06\/DSCN2121-768x576.jpg 768w, https:\/\/agora.xtec.cat\/iesnarcismonturiol\/wp-content\/uploads\/usu2521\/2017\/06\/DSCN2121-1536x1152.jpg 1536w, https:\/\/agora.xtec.cat\/iesnarcismonturiol\/wp-content\/uploads\/usu2521\/2017\/06\/DSCN2121-2048x1536.jpg 2048w, https:\/\/agora.xtec.cat\/iesnarcismonturiol\/wp-content\/uploads\/usu2521\/2017\/06\/DSCN2121-200x150.jpg 200w\" sizes=\"auto, (max-width: 300px) 100vw, 300px\" \/><\/a><a href=\"http:\/\/insmonturiol.cat\/wp-content\/uploads\/2017\/06\/18424047_1292277504223635_1352471948772698681_n.jpg\"><img loading=\"lazy\" decoding=\"async\" class=\"size-medium wp-image-6603 alignleft\" src=\"http:\/\/insmonturiol.cat\/wp-content\/uploads\/2017\/06\/18424047_1292277504223635_1352471948772698681_n-300x225.jpg\" alt=\"\" width=\"300\" height=\"225\" srcset=\"https:\/\/agora.xtec.cat\/iesnarcismonturiol\/wp-content\/uploads\/usu2521\/2017\/06\/18424047_1292277504223635_1352471948772698681_n-300x225.jpg 300w, https:\/\/agora.xtec.cat\/iesnarcismonturiol\/wp-content\/uploads\/usu2521\/2017\/06\/18424047_1292277504223635_1352471948772698681_n-768x576.jpg 768w, https:\/\/agora.xtec.cat\/iesnarcismonturiol\/wp-content\/uploads\/usu2521\/2017\/06\/18424047_1292277504223635_1352471948772698681_n-200x150.jpg 200w, https:\/\/agora.xtec.cat\/iesnarcismonturiol\/wp-content\/uploads\/usu2521\/2017\/06\/18424047_1292277504223635_1352471948772698681_n.jpg 960w\" sizes=\"auto, (max-width: 300px) 100vw, 300px\" \/><\/a><a href=\"http:\/\/insmonturiol.cat\/wp-content\/uploads\/2017\/06\/IMG-20170514-WA0000.jpg\"><img loading=\"lazy\" decoding=\"async\" class=\"size-medium wp-image-6599 alignleft\" src=\"http:\/\/insmonturiol.cat\/wp-content\/uploads\/2017\/06\/IMG-20170514-WA0000-225x300.jpg\" alt=\"\" width=\"225\" height=\"300\" srcset=\"https:\/\/agora.xtec.cat\/iesnarcismonturiol\/wp-content\/uploads\/usu2521\/2017\/06\/IMG-20170514-WA0000-225x300.jpg 225w, https:\/\/agora.xtec.cat\/iesnarcismonturiol\/wp-content\/uploads\/usu2521\/2017\/06\/IMG-20170514-WA0000-768x1024.jpg 768w, https:\/\/agora.xtec.cat\/iesnarcismonturiol\/wp-content\/uploads\/usu2521\/2017\/06\/IMG-20170514-WA0000-1152x1536.jpg 1152w, https:\/\/agora.xtec.cat\/iesnarcismonturiol\/wp-content\/uploads\/usu2521\/2017\/06\/IMG-20170514-WA0000.jpg 1200w\" sizes=\"auto, (max-width: 225px) 100vw, 225px\" \/><\/a><\/p>\n<p>&nbsp;<\/p>\n<p>&nbsp;<\/p>\n<p>&nbsp;<\/p>\n<p>&nbsp;<\/p>\n<p>&nbsp;<\/p>\n<p>&nbsp;<\/p>\n<p>&nbsp;<\/p>\n<p>&nbsp;<\/p>\n<p>L&#8217;alumnat en fa una bona valoraci\u00f3, vegeu els comentaris:<\/p>\n<p>Qu\u00e8 \u00e9s el que m\u00e9s valores del projecte?<\/p>\n<p>-El treball en equip de tots.<\/p>\n<p>-La solidaritat entre els companys, l&#8217;opci\u00f3 de con\u00e8ixer gent molt maca i que ha sigut un projecte de &#8220;10&#8221;<\/p>\n<p>-Poder ajudar a la gent sense rebre res a canvi, aix\u00ed aprens a valorar m\u00e9s les coses.<\/p>\n<p>-Organitzar activitats amb els amics per canviar les injust\u00edcies.<\/p>\n<p>-El fet d&#8217;ajudar a qui ho necessita fent coses interactives per a ells, no com la gent que d\u00f3na diners i ja es creu solidari.<\/p>\n<p>-Amb esfor\u00e7 tot \u00e9s possible.<\/p>\n<p>FELICITATS! BONA FEINA!<\/p>\n","protected":false},"excerpt":{"rendered":"<p>La participaci\u00f3 de l&#8217;alumnat \u00e9s un dels eixos de treball del nostre centre. Construir una xarxa que permeti donar resposta a totes aquelles iniciatives que ajuden a construir un entorn millor per a tothom. En aquest sentit, a 4t d&#8217;ESO l&#8217;alumnat forma part del Projecte&hellip;  <a href=\"https:\/\/agora.xtec.cat\/iesnarcismonturiol\/general\/implicat-el-servei-comunitari-de-4t-deso\/\" title=\"Read Implica&#8217;t: El Servei Comunitari de 4t d&#8217;ESO\">Llegeix m\u00e9s\u00bb<\/a><\/p>\n","protected":false},"author":5,"featured_media":6598,"comment_status":"closed","ping_status":"closed","sticky":false,"template":"","format":"standard","meta":{"_bbp_topic_count":0,"_bbp_reply_count":0,"_bbp_total_topic_count":0,"_bbp_total_reply_count":0,"_bbp_voice_count":0,"_bbp_anonymous_reply_count":0,"_bbp_topic_count_hidden":0,"_bbp_reply_count_hidden":0,"_bbp_forum_subforum_count":0,"footnotes":""},"categories":[1],"tags":[207,301,303],"class_list":["post-6588","post","type-post","status-publish","format-standard","has-post-thumbnail","hentry","category-general","tag-entorn","tag-servei-comunitari","tag-solidaritat"],"post_mailing_queue_ids":[],"_links":{"self":[{"href":"https:\/\/agora.xtec.cat\/iesnarcismonturiol\/wp-json\/wp\/v2\/posts\/6588","targetHints":{"allow":["GET"]}}],"collection":[{"href":"https:\/\/agora.xtec.cat\/iesnarcismonturiol\/wp-json\/wp\/v2\/posts"}],"about":[{"href":"https:\/\/agora.xtec.cat\/iesnarcismonturiol\/wp-json\/wp\/v2\/types\/post"}],"author":[{"embeddable":true,"href":"https:\/\/agora.xtec.cat\/iesnarcismonturiol\/wp-json\/wp\/v2\/users\/5"}],"replies":[{"embeddable":true,"href":"https:\/\/agora.xtec.cat\/iesnarcismonturiol\/wp-json\/wp\/v2\/comments?post=6588"}],"version-history":[{"count":0,"href":"https:\/\/agora.xtec.cat\/iesnarcismonturiol\/wp-json\/wp\/v2\/posts\/6588\/revisions"}],"wp:featuredmedia":[{"embeddable":true,"href":"https:\/\/agora.xtec.cat\/iesnarcismonturiol\/wp-json\/wp\/v2\/media\/6598"}],"wp:attachment":[{"href":"https:\/\/agora.xtec.cat\/iesnarcismonturiol\/wp-json\/wp\/v2\/media?parent=6588"}],"wp:term":[{"taxonomy":"category","embeddable":true,"href":"https:\/\/agora.xtec.cat\/iesnarcismonturiol\/wp-json\/wp\/v2\/categories?post=6588"},{"taxonomy":"post_tag","embeddable":true,"href":"https:\/\/agora.xtec.cat\/iesnarcismonturiol\/wp-json\/wp\/v2\/tags?post=6588"}],"curies":[{"name":"wp","href":"https:\/\/api.w.org\/{rel}","templated":true}]}}