{"id":6441,"date":"2017-04-21T14:23:52","date_gmt":"2017-04-21T14:23:52","guid":{"rendered":"http:\/\/insmonturiol.cat\/1r-batxillerat-linguistic-trip-to-ennis"},"modified":"2017-04-21T14:23:52","modified_gmt":"2017-04-21T14:23:52","slug":"1r-batxillerat-linguistic-trip-to-ennis","status":"publish","type":"post","link":"https:\/\/agora.xtec.cat\/iesnarcismonturiol\/general\/1r-batxillerat-linguistic-trip-to-ennis\/","title":{"rendered":"1r batxillerat, Linguistic Trip to Ennis."},"content":{"rendered":"<p>LINGUISTIC TRIP TO ENNIS<\/p>\n<p>Our school organized a linguistic trip to Ennis, Ireland, for seven days ( from the twenty-sixth of March to the first of April). We were thirty students and two teachers. All of us stayed in family houses.<\/p>\n<p>Ennis is the county town of Clare. The town is on the river Fergus, which flows east, then south into the Shannon estuary. The name Ennis comes from the Irish word \u201cInis\u201d which means \u201cisland\u201d.<\/p>\n<p>In the morning our students had classes focused on oral practice. Then they had a break of an hour and different extra activities in the afternoon such as: an orientation tour of Ennis ( with its narrow streets and colourful shops), drama and comic workshops, bowling, Irish sports like Hurling and Gaelic football and an excursion to the world famous Cliffs of Moher. The first day before going to Ennis we enjoyed a panoramic and walking Dublin tour.<\/p>\n<p>This year, at the Clare\u2019s Academy, we lived together with students of other nationalities like: Italians, Russians and from other parts of Spain. We shared classes and activities and had a great time.<\/p>\n<p>It has been an enriching and valuable experience and we are looking forward to repeat it next year!<\/p>\n<p>&nbsp;<\/p>\n<p>Raquel Guerra, N\u00faria Verg\u00e9s, professores d&#8217;angl\u00e8s.<\/p>\n<p><a href=\"http:\/\/insmonturiol.cat\/wp-content\/uploads\/2017\/04\/IMG_5132.jpg\"><img loading=\"lazy\" decoding=\"async\" class=\"size-medium wp-image-6460 alignleft\" src=\"http:\/\/insmonturiol.cat\/wp-content\/uploads\/2017\/04\/IMG_5132-300x168.jpg\" alt=\"\" width=\"300\" height=\"168\" srcset=\"https:\/\/agora.xtec.cat\/iesnarcismonturiol\/wp-content\/uploads\/usu2521\/2017\/04\/IMG_5132-300x168.jpg 300w, https:\/\/agora.xtec.cat\/iesnarcismonturiol\/wp-content\/uploads\/usu2521\/2017\/04\/IMG_5132-1024x572.jpg 1024w, https:\/\/agora.xtec.cat\/iesnarcismonturiol\/wp-content\/uploads\/usu2521\/2017\/04\/IMG_5132-768x429.jpg 768w, https:\/\/agora.xtec.cat\/iesnarcismonturiol\/wp-content\/uploads\/usu2521\/2017\/04\/IMG_5132-1536x858.jpg 1536w, https:\/\/agora.xtec.cat\/iesnarcismonturiol\/wp-content\/uploads\/usu2521\/2017\/04\/IMG_5132.jpg 1600w\" sizes=\"auto, (max-width: 300px) 100vw, 300px\" \/><\/a><a href=\"http:\/\/insmonturiol.cat\/wp-content\/uploads\/2017\/04\/IMG_5679.jpg\"><img loading=\"lazy\" decoding=\"async\" class=\"size-medium wp-image-6461 alignleft\" src=\"http:\/\/insmonturiol.cat\/wp-content\/uploads\/2017\/04\/IMG_5679-300x200.jpg\" alt=\"\" width=\"300\" height=\"200\" srcset=\"https:\/\/agora.xtec.cat\/iesnarcismonturiol\/wp-content\/uploads\/usu2521\/2017\/04\/IMG_5679-300x200.jpg 300w, https:\/\/agora.xtec.cat\/iesnarcismonturiol\/wp-content\/uploads\/usu2521\/2017\/04\/IMG_5679-1024x682.jpg 1024w, https:\/\/agora.xtec.cat\/iesnarcismonturiol\/wp-content\/uploads\/usu2521\/2017\/04\/IMG_5679-768x512.jpg 768w, https:\/\/agora.xtec.cat\/iesnarcismonturiol\/wp-content\/uploads\/usu2521\/2017\/04\/IMG_5679-1536x1023.jpg 1536w, https:\/\/agora.xtec.cat\/iesnarcismonturiol\/wp-content\/uploads\/usu2521\/2017\/04\/IMG_5679.jpg 1600w\" sizes=\"auto, (max-width: 300px) 100vw, 300px\" \/><\/a><\/p>\n<p>&nbsp;<\/p>\n<p><a href=\"http:\/\/insmonturiol.cat\/wp-content\/uploads\/2017\/04\/IMG_5159.jpg\"><img loading=\"lazy\" decoding=\"async\" class=\"size-medium wp-image-6463 alignleft\" src=\"http:\/\/insmonturiol.cat\/wp-content\/uploads\/2017\/04\/IMG_5159-300x168.jpg\" alt=\"\" width=\"300\" height=\"168\" srcset=\"https:\/\/agora.xtec.cat\/iesnarcismonturiol\/wp-content\/uploads\/usu2521\/2017\/04\/IMG_5159-300x168.jpg 300w, https:\/\/agora.xtec.cat\/iesnarcismonturiol\/wp-content\/uploads\/usu2521\/2017\/04\/IMG_5159-1024x572.jpg 1024w, https:\/\/agora.xtec.cat\/iesnarcismonturiol\/wp-content\/uploads\/usu2521\/2017\/04\/IMG_5159-768x429.jpg 768w, https:\/\/agora.xtec.cat\/iesnarcismonturiol\/wp-content\/uploads\/usu2521\/2017\/04\/IMG_5159-1536x858.jpg 1536w, https:\/\/agora.xtec.cat\/iesnarcismonturiol\/wp-content\/uploads\/usu2521\/2017\/04\/IMG_5159.jpg 1600w\" sizes=\"auto, (max-width: 300px) 100vw, 300px\" \/><\/a><\/p>\n","protected":false},"excerpt":{"rendered":"<p>LINGUISTIC TRIP TO ENNIS<br \/>\nOur school organized a linguistic trip to Ennis, Ireland, for seven days ( from the twenty-sixth of March to the first of April). We were thirty students and two teachers. All of us stayed in family houses.<br \/>\nEnnis is the county town of&hellip;  <a href=\"https:\/\/agora.xtec.cat\/iesnarcismonturiol\/general\/1r-batxillerat-linguistic-trip-to-ennis\/\" title=\"Read 1r batxillerat, Linguistic Trip to Ennis.\">Llegeix m\u00e9s\u00bb<\/a><\/p>\n","protected":false},"author":5,"featured_media":6459,"comment_status":"closed","ping_status":"closed","sticky":false,"template":"","format":"standard","meta":{"_bbp_topic_count":0,"_bbp_reply_count":0,"_bbp_total_topic_count":0,"_bbp_total_reply_count":0,"_bbp_voice_count":0,"_bbp_anonymous_reply_count":0,"_bbp_topic_count_hidden":0,"_bbp_reply_count_hidden":0,"_bbp_forum_subforum_count":0,"footnotes":""},"categories":[1,130],"tags":[42,321],"class_list":["post-6441","post","type-post","status-publish","format-standard","has-post-thumbnail","hentry","category-general","category-llegues-estrangeres","tag-angles","tag-viatge-linguistic"],"post_mailing_queue_ids":[],"_links":{"self":[{"href":"https:\/\/agora.xtec.cat\/iesnarcismonturiol\/wp-json\/wp\/v2\/posts\/6441","targetHints":{"allow":["GET"]}}],"collection":[{"href":"https:\/\/agora.xtec.cat\/iesnarcismonturiol\/wp-json\/wp\/v2\/posts"}],"about":[{"href":"https:\/\/agora.xtec.cat\/iesnarcismonturiol\/wp-json\/wp\/v2\/types\/post"}],"author":[{"embeddable":true,"href":"https:\/\/agora.xtec.cat\/iesnarcismonturiol\/wp-json\/wp\/v2\/users\/5"}],"replies":[{"embeddable":true,"href":"https:\/\/agora.xtec.cat\/iesnarcismonturiol\/wp-json\/wp\/v2\/comments?post=6441"}],"version-history":[{"count":0,"href":"https:\/\/agora.xtec.cat\/iesnarcismonturiol\/wp-json\/wp\/v2\/posts\/6441\/revisions"}],"wp:featuredmedia":[{"embeddable":true,"href":"https:\/\/agora.xtec.cat\/iesnarcismonturiol\/wp-json\/wp\/v2\/media\/6459"}],"wp:attachment":[{"href":"https:\/\/agora.xtec.cat\/iesnarcismonturiol\/wp-json\/wp\/v2\/media?parent=6441"}],"wp:term":[{"taxonomy":"category","embeddable":true,"href":"https:\/\/agora.xtec.cat\/iesnarcismonturiol\/wp-json\/wp\/v2\/categories?post=6441"},{"taxonomy":"post_tag","embeddable":true,"href":"https:\/\/agora.xtec.cat\/iesnarcismonturiol\/wp-json\/wp\/v2\/tags?post=6441"}],"curies":[{"name":"wp","href":"https:\/\/api.w.org\/{rel}","templated":true}]}}