{"id":6431,"date":"2017-04-05T11:13:53","date_gmt":"2017-04-05T11:13:53","guid":{"rendered":"http:\/\/insmonturiol.cat\/a-1r-deso-aprenem-a-tocar-el-gamelan"},"modified":"2017-04-05T11:13:53","modified_gmt":"2017-04-05T11:13:53","slug":"a-1r-deso-aprenem-a-tocar-el-gamelan-2","status":"publish","type":"post","link":"https:\/\/agora.xtec.cat\/iesnarcismonturiol\/general\/a-1r-deso-aprenem-a-tocar-el-gamelan-2\/","title":{"rendered":"A 1r d&#8217;ESO aprenem a tocar el Gamelan"},"content":{"rendered":"<p><span style=\"font-weight: 400;\"><a href=\"http:\/\/insmonturiol.cat\/wp-content\/uploads\/2017\/04\/gamelan.jpg\"><img loading=\"lazy\" decoding=\"async\" class=\"size-full wp-image-6437 alignleft\" src=\"http:\/\/insmonturiol.cat\/wp-content\/uploads\/2017\/04\/gamelan.jpg\" alt=\"\" width=\"299\" height=\"182\" \/><\/a>Dijous 23 i 30 de mar\u00e7, 1r. B i 1r. A respectivament, vam anar al Museu de la M\u00fasica a tocar un instrument provinent de Bali, Indon\u00e8sia.<\/span><\/p>\n<p>Aquest instrument, el gamelan, \u00e9s com una esp\u00e8cie de xil\u00f2fon o metal\u00b7l\u00f2fon que s\u2019ha de tocar en grup.<\/p>\n<p>Quan vam arribar ens van portar a una sala on hi havia molts gamelans i un noi ens va explicar les seves caracter\u00edstiques. Finalment ens va ensenyar a tocar-lo. Vam aprendre a tocar uns ritmes b\u00e0sics utilitzant tres notes i vam acabar fent una melodia.<\/p>\n<p>Un cop vam sortir d\u2019all\u00e0 vam visitar r\u00e0pidament el museu on hi ha molts instruments amb molta hist\u00f2ria.<\/p>\n<p><span style=\"font-weight: 400;\">Tots coincidim que \u00e9s una activitat molt divertida i sobretot entretinguda per fer en grup. Esperem poder repetir alguna altra activitat aix\u00ed!<\/span><\/p>\n<p>Paula, 1r eso A<\/p>\n","protected":false},"excerpt":{"rendered":"<p><a href=\"http:\/\/insmonturiol.cat\/wp-content\/uploads\/2017\/04\/gamelan.jpg\"><\/a>Dijous 23 i 30 de mar\u00e7, 1r. B i 1r. A respectivament, vam anar al Museu de la M\u00fasica a tocar un instrument provinent de Bali, Indon\u00e8sia.<br \/>\nAquest instrument, el gamelan, \u00e9s com una esp\u00e8cie de xil\u00f2fon o metal\u00b7l\u00f2fon que s\u2019ha de tocar en grup.<br \/>\nQuan&hellip;  <a href=\"https:\/\/agora.xtec.cat\/iesnarcismonturiol\/general\/a-1r-deso-aprenem-a-tocar-el-gamelan-2\/\" title=\"Read A 1r d&#8217;ESO aprenem a tocar el Gamelan\">Llegeix m\u00e9s\u00bb<\/a><\/p>\n","protected":false},"author":5,"featured_media":6437,"comment_status":"closed","ping_status":"closed","sticky":false,"template":"","format":"standard","meta":{"_bbp_topic_count":0,"_bbp_reply_count":0,"_bbp_total_topic_count":0,"_bbp_total_reply_count":0,"_bbp_voice_count":0,"_bbp_anonymous_reply_count":0,"_bbp_topic_count_hidden":0,"_bbp_reply_count_hidden":0,"_bbp_forum_subforum_count":0,"footnotes":""},"categories":[128,1],"tags":[263],"class_list":["post-6431","post","type-post","status-publish","format-standard","has-post-thumbnail","hentry","category-expressio","category-general","tag-musica"],"post_mailing_queue_ids":[],"_links":{"self":[{"href":"https:\/\/agora.xtec.cat\/iesnarcismonturiol\/wp-json\/wp\/v2\/posts\/6431","targetHints":{"allow":["GET"]}}],"collection":[{"href":"https:\/\/agora.xtec.cat\/iesnarcismonturiol\/wp-json\/wp\/v2\/posts"}],"about":[{"href":"https:\/\/agora.xtec.cat\/iesnarcismonturiol\/wp-json\/wp\/v2\/types\/post"}],"author":[{"embeddable":true,"href":"https:\/\/agora.xtec.cat\/iesnarcismonturiol\/wp-json\/wp\/v2\/users\/5"}],"replies":[{"embeddable":true,"href":"https:\/\/agora.xtec.cat\/iesnarcismonturiol\/wp-json\/wp\/v2\/comments?post=6431"}],"version-history":[{"count":0,"href":"https:\/\/agora.xtec.cat\/iesnarcismonturiol\/wp-json\/wp\/v2\/posts\/6431\/revisions"}],"wp:featuredmedia":[{"embeddable":true,"href":"https:\/\/agora.xtec.cat\/iesnarcismonturiol\/wp-json\/wp\/v2\/media\/6437"}],"wp:attachment":[{"href":"https:\/\/agora.xtec.cat\/iesnarcismonturiol\/wp-json\/wp\/v2\/media?parent=6431"}],"wp:term":[{"taxonomy":"category","embeddable":true,"href":"https:\/\/agora.xtec.cat\/iesnarcismonturiol\/wp-json\/wp\/v2\/categories?post=6431"},{"taxonomy":"post_tag","embeddable":true,"href":"https:\/\/agora.xtec.cat\/iesnarcismonturiol\/wp-json\/wp\/v2\/tags?post=6431"}],"curies":[{"name":"wp","href":"https:\/\/api.w.org\/{rel}","templated":true}]}}