{"id":6421,"date":"2017-03-24T17:15:55","date_gmt":"2017-03-24T17:15:55","guid":{"rendered":"http:\/\/insmonturiol.cat\/4t-deso-al-salo-de-lensenyament"},"modified":"2017-03-24T17:15:55","modified_gmt":"2017-03-24T17:15:55","slug":"4t-deso-al-salo-de-lensenyament-2","status":"publish","type":"post","link":"https:\/\/agora.xtec.cat\/iesnarcismonturiol\/general\/4t-deso-al-salo-de-lensenyament-2\/","title":{"rendered":"4t d&#8217;ESO al Sal\u00f3 de l&#8217;Ensenyament."},"content":{"rendered":"<div class=\"m_5684148650242118397gmail_msg\">Un \u00a0curs m\u00e9s els nostres alumnes de 4t de l&#8217;ESO han anat a El Sal\u00f3 de l&#8217;Ensenyament per continuar amb el seu proc\u00e9s orientador. Durant aquesta sortida han pogut resoldre dubtes i assistir a tallers espec\u00edfics sobre batxillerat i cicles formatius.<\/div>\n<div class=\"m_5684148650242118397gmail_msg\"><\/div>\n","protected":false},"excerpt":{"rendered":"<p>Un \u00a0curs m\u00e9s els nostres alumnes de 4t de l&#8217;ESO han anat a El Sal\u00f3 de l&#8217;Ensenyament per continuar amb el seu proc\u00e9s orientador. Durant aquesta sortida han pogut resoldre dubtes i assistir a tallers espec\u00edfics sobre batxillerat i cicles formatius.<\/p>\n","protected":false},"author":5,"featured_media":6423,"comment_status":"open","ping_status":"open","sticky":false,"template":"","format":"standard","meta":{"_bbp_topic_count":0,"_bbp_reply_count":0,"_bbp_total_topic_count":0,"_bbp_total_reply_count":0,"_bbp_voice_count":0,"_bbp_anonymous_reply_count":0,"_bbp_topic_count_hidden":0,"_bbp_reply_count_hidden":0,"_bbp_forum_subforum_count":0,"footnotes":""},"categories":[1,134],"tags":[273],"class_list":["post-6421","post","type-post","status-publish","format-standard","has-post-thumbnail","hentry","category-general","category-orientacio","tag-orientacio"],"post_mailing_queue_ids":[],"_links":{"self":[{"href":"https:\/\/agora.xtec.cat\/iesnarcismonturiol\/wp-json\/wp\/v2\/posts\/6421","targetHints":{"allow":["GET"]}}],"collection":[{"href":"https:\/\/agora.xtec.cat\/iesnarcismonturiol\/wp-json\/wp\/v2\/posts"}],"about":[{"href":"https:\/\/agora.xtec.cat\/iesnarcismonturiol\/wp-json\/wp\/v2\/types\/post"}],"author":[{"embeddable":true,"href":"https:\/\/agora.xtec.cat\/iesnarcismonturiol\/wp-json\/wp\/v2\/users\/5"}],"replies":[{"embeddable":true,"href":"https:\/\/agora.xtec.cat\/iesnarcismonturiol\/wp-json\/wp\/v2\/comments?post=6421"}],"version-history":[{"count":0,"href":"https:\/\/agora.xtec.cat\/iesnarcismonturiol\/wp-json\/wp\/v2\/posts\/6421\/revisions"}],"wp:featuredmedia":[{"embeddable":true,"href":"https:\/\/agora.xtec.cat\/iesnarcismonturiol\/wp-json\/wp\/v2\/media\/6423"}],"wp:attachment":[{"href":"https:\/\/agora.xtec.cat\/iesnarcismonturiol\/wp-json\/wp\/v2\/media?parent=6421"}],"wp:term":[{"taxonomy":"category","embeddable":true,"href":"https:\/\/agora.xtec.cat\/iesnarcismonturiol\/wp-json\/wp\/v2\/categories?post=6421"},{"taxonomy":"post_tag","embeddable":true,"href":"https:\/\/agora.xtec.cat\/iesnarcismonturiol\/wp-json\/wp\/v2\/tags?post=6421"}],"curies":[{"name":"wp","href":"https:\/\/api.w.org\/{rel}","templated":true}]}}