{"id":6361,"date":"2017-03-28T09:44:16","date_gmt":"2017-03-28T09:44:16","guid":{"rendered":"http:\/\/insmonturiol.cat\/energia-4t-deso-ens-presenta-els-seus-treballs"},"modified":"2017-03-28T09:44:16","modified_gmt":"2017-03-28T09:44:16","slug":"energia-4t-deso-ens-presenta-els-seus-treballs","status":"publish","type":"post","link":"https:\/\/agora.xtec.cat\/iesnarcismonturiol\/general\/energia-4t-deso-ens-presenta-els-seus-treballs\/","title":{"rendered":"Energia, 4t d&#8217;ESO ens presenta els seus treballs."},"content":{"rendered":"<p>L&#8217;alumnat de 4t d&#8217;ESO a la mat\u00e8ria de F\u00edsica i Qu\u00edmica est\u00e0 treballant sobre l&#8217;energia. Per explicar la idea i tot el que est\u00e0 relacionat amb el \u00a0tema triat: l&#8217;Energia, l&#8217;Energia mec\u00e0nica, l&#8217;Energia cin\u00e8tica i l&#8217;Energia potencial gravitat\u00f2ria, han buscat informaci\u00f3 a diferents fonts, han fet un gui\u00f3 sobre el que volien explicar i \u00a0amb l&#8217;story board han creat les escenes, el fil conductor del tema i el rodatge de les escenes que finalment us presentem amb els v\u00eddeos.<\/p>\n<p>Ha estat un bon treball d&#8217;equip!! Felicitats!!!<\/p>\n<p>Dani Jim\u00e9nez, professor de F\u00edsica<\/p>\n<p><a href=\"https:\/\/drive.google.com\/file\/d\/0B-fwZieFITnadk1Nc2Jna1JaaWs\/view?usp=sharing\"><img loading=\"lazy\" decoding=\"async\" class=\"size-medium wp-image-6372 alignleft\" src=\"http:\/\/insmonturiol.cat\/wp-content\/uploads\/2017\/03\/Imagen2-300x169.png\" alt=\"\" width=\"300\" height=\"169\" srcset=\"https:\/\/agora.xtec.cat\/iesnarcismonturiol\/wp-content\/uploads\/usu2521\/2017\/03\/Imagen2-300x169.png 300w, https:\/\/agora.xtec.cat\/iesnarcismonturiol\/wp-content\/uploads\/usu2521\/2017\/03\/Imagen2-1024x578.png 1024w, https:\/\/agora.xtec.cat\/iesnarcismonturiol\/wp-content\/uploads\/usu2521\/2017\/03\/Imagen2-768x434.png 768w, https:\/\/agora.xtec.cat\/iesnarcismonturiol\/wp-content\/uploads\/usu2521\/2017\/03\/Imagen2.png 1466w\" sizes=\"auto, (max-width: 300px) 100vw, 300px\" \/><\/a><a href=\"https:\/\/drive.google.com\/file\/d\/0B-fwZieFITnac3RkcjNDWU0xTWc\/view?usp=sharing\"><img loading=\"lazy\" decoding=\"async\" class=\"size-medium wp-image-6373 alignleft\" src=\"http:\/\/insmonturiol.cat\/wp-content\/uploads\/2017\/03\/Imagen3-300x167.png\" alt=\"\" width=\"300\" height=\"167\" srcset=\"https:\/\/agora.xtec.cat\/iesnarcismonturiol\/wp-content\/uploads\/usu2521\/2017\/03\/Imagen3-300x167.png 300w, https:\/\/agora.xtec.cat\/iesnarcismonturiol\/wp-content\/uploads\/usu2521\/2017\/03\/Imagen3-1024x570.png 1024w, https:\/\/agora.xtec.cat\/iesnarcismonturiol\/wp-content\/uploads\/usu2521\/2017\/03\/Imagen3-768x428.png 768w, https:\/\/agora.xtec.cat\/iesnarcismonturiol\/wp-content\/uploads\/usu2521\/2017\/03\/Imagen3.png 1516w\" sizes=\"auto, (max-width: 300px) 100vw, 300px\" \/><\/a><\/p>\n<p>&nbsp;<\/p>\n<p>&nbsp;<\/p>\n<p>&nbsp;<\/p>\n<p>&nbsp;<\/p>\n<p>&nbsp;<\/p>\n<p><a href=\"https:\/\/drive.google.com\/file\/d\/0B-fwZieFITnaOUx4MklIS2I4SXc\/view?usp=sharing\"><img loading=\"lazy\" decoding=\"async\" class=\"size-medium wp-image-6375 alignleft\" src=\"http:\/\/insmonturiol.cat\/wp-content\/uploads\/2017\/03\/Imagen5-300x182.png\" alt=\"\" width=\"300\" height=\"182\" srcset=\"https:\/\/agora.xtec.cat\/iesnarcismonturiol\/wp-content\/uploads\/usu2521\/2017\/03\/Imagen5-300x182.png 300w, https:\/\/agora.xtec.cat\/iesnarcismonturiol\/wp-content\/uploads\/usu2521\/2017\/03\/Imagen5-1024x622.png 1024w, https:\/\/agora.xtec.cat\/iesnarcismonturiol\/wp-content\/uploads\/usu2521\/2017\/03\/Imagen5-768x466.png 768w, https:\/\/agora.xtec.cat\/iesnarcismonturiol\/wp-content\/uploads\/usu2521\/2017\/03\/Imagen5.png 1364w\" sizes=\"auto, (max-width: 300px) 100vw, 300px\" \/><\/a><\/p>\n<p><a href=\"https:\/\/drive.google.com\/file\/d\/0B-fwZieFITnaV0s3WDhVLUdhS0U\/view?usp=sharing\"><img loading=\"lazy\" decoding=\"async\" class=\"size-medium wp-image-6374 alignleft\" src=\"http:\/\/insmonturiol.cat\/wp-content\/uploads\/2017\/03\/Imagen4-300x166.png\" alt=\"\" width=\"300\" height=\"166\" srcset=\"https:\/\/agora.xtec.cat\/iesnarcismonturiol\/wp-content\/uploads\/usu2521\/2017\/03\/Imagen4-300x166.png 300w, https:\/\/agora.xtec.cat\/iesnarcismonturiol\/wp-content\/uploads\/usu2521\/2017\/03\/Imagen4-1024x565.png 1024w, https:\/\/agora.xtec.cat\/iesnarcismonturiol\/wp-content\/uploads\/usu2521\/2017\/03\/Imagen4-768x424.png 768w, https:\/\/agora.xtec.cat\/iesnarcismonturiol\/wp-content\/uploads\/usu2521\/2017\/03\/Imagen4.png 1533w\" sizes=\"auto, (max-width: 300px) 100vw, 300px\" \/><\/a><\/p>\n","protected":false},"excerpt":{"rendered":"<p>L&#8217;alumnat de 4t d&#8217;ESO a la mat\u00e8ria de F\u00edsica i Qu\u00edmica est\u00e0 treballant sobre l&#8217;energia. Per explicar la idea i tot el que est\u00e0 relacionat amb el \u00a0tema triat: l&#8217;Energia, l&#8217;Energia mec\u00e0nica, l&#8217;Energia cin\u00e8tica i l&#8217;Energia potencial gravitat\u00f2ria, han buscat informaci\u00f3 a diferents fonts, han&hellip;  <a href=\"https:\/\/agora.xtec.cat\/iesnarcismonturiol\/general\/energia-4t-deso-ens-presenta-els-seus-treballs\/\" title=\"Read Energia, 4t d&#8217;ESO ens presenta els seus treballs.\">Llegeix m\u00e9s\u00bb<\/a><\/p>\n","protected":false},"author":5,"featured_media":6374,"comment_status":"closed","ping_status":"closed","sticky":false,"template":"","format":"standard","meta":{"_bbp_topic_count":0,"_bbp_reply_count":0,"_bbp_total_topic_count":0,"_bbp_total_reply_count":0,"_bbp_voice_count":0,"_bbp_anonymous_reply_count":0,"_bbp_topic_count_hidden":0,"_bbp_reply_count_hidden":0,"_bbp_forum_subforum_count":0,"footnotes":""},"categories":[122,1],"tags":[221,293],"class_list":["post-6361","post","type-post","status-publish","format-standard","has-post-thumbnail","hentry","category-ciencies-naturals","category-general","tag-fisica","tag-treball-recerca"],"post_mailing_queue_ids":[],"_links":{"self":[{"href":"https:\/\/agora.xtec.cat\/iesnarcismonturiol\/wp-json\/wp\/v2\/posts\/6361","targetHints":{"allow":["GET"]}}],"collection":[{"href":"https:\/\/agora.xtec.cat\/iesnarcismonturiol\/wp-json\/wp\/v2\/posts"}],"about":[{"href":"https:\/\/agora.xtec.cat\/iesnarcismonturiol\/wp-json\/wp\/v2\/types\/post"}],"author":[{"embeddable":true,"href":"https:\/\/agora.xtec.cat\/iesnarcismonturiol\/wp-json\/wp\/v2\/users\/5"}],"replies":[{"embeddable":true,"href":"https:\/\/agora.xtec.cat\/iesnarcismonturiol\/wp-json\/wp\/v2\/comments?post=6361"}],"version-history":[{"count":0,"href":"https:\/\/agora.xtec.cat\/iesnarcismonturiol\/wp-json\/wp\/v2\/posts\/6361\/revisions"}],"wp:featuredmedia":[{"embeddable":true,"href":"https:\/\/agora.xtec.cat\/iesnarcismonturiol\/wp-json\/wp\/v2\/media\/6374"}],"wp:attachment":[{"href":"https:\/\/agora.xtec.cat\/iesnarcismonturiol\/wp-json\/wp\/v2\/media?parent=6361"}],"wp:term":[{"taxonomy":"category","embeddable":true,"href":"https:\/\/agora.xtec.cat\/iesnarcismonturiol\/wp-json\/wp\/v2\/categories?post=6361"},{"taxonomy":"post_tag","embeddable":true,"href":"https:\/\/agora.xtec.cat\/iesnarcismonturiol\/wp-json\/wp\/v2\/tags?post=6361"}],"curies":[{"name":"wp","href":"https:\/\/api.w.org\/{rel}","templated":true}]}}