{"id":635,"date":"2011-11-09T14:07:20","date_gmt":"2011-11-09T14:07:20","guid":{"rendered":"http:\/\/insmonturiol.cat\/coordinadora-0-18-creadors-en-residencia"},"modified":"2011-11-09T14:07:20","modified_gmt":"2011-11-09T14:07:20","slug":"coordinadora-0-18-creadors-en-residencia","status":"publish","type":"post","link":"https:\/\/agora.xtec.cat\/iesnarcismonturiol\/general\/coordinadora-0-18-creadors-en-residencia\/","title":{"rendered":"Coordinadora 0-18: Creadors en Resid\u00e8ncia"},"content":{"rendered":"<p>Avui Reuni\u00f3 Oberta de la Coordinadora 0-18 a l&#8217;Institut Narc\u00eds Monturiol: Creadors en Resid\u00e8ncia als Instituts Narc\u00eds Monturiol i Francisco de Goya.<\/p>\n<p>Us esperem a les 17:30 hores<\/p>\n<p><a href=\"http:\/\/insmonturiol.cat\/wp-content\/uploads\/2011\/11\/peixos-destima.gif\"><img loading=\"lazy\" decoding=\"async\" class=\"alignnone size-medium wp-image-637\" title=\"peixos d'estima\" src=\"http:\/\/insmonturiol.cat\/wp-content\/uploads\/2011\/11\/peixos-destima-300x201.gif\" alt=\"\" width=\"300\" height=\"201\" \/><\/a><\/p>\n<p>visiteu els blocs de Creadors en Resid\u00e8ncia<\/p>\n<p>http:\/\/www.enresidencia.org\/es\/node\/278?ap=1<\/p>\n","protected":false},"excerpt":{"rendered":"<p>Avui Reuni\u00f3 Oberta de la Coordinadora 0-18 a l&#8217;Institut Narc\u00eds Monturiol: Creadors en Resid\u00e8ncia als Instituts Narc\u00eds Monturiol i Francisco de Goya.<br \/>\nUs esperem a les 17:30 hores<br \/>\n<a href=\"http:\/\/insmonturiol.cat\/wp-content\/uploads\/2011\/11\/peixos-destima.gif\"><\/a><br \/>\nvisiteu els blocs de Creadors en Resid\u00e8ncia<br \/>\nhttp:\/\/www.enresidencia.org\/es\/node\/278?ap=1<\/p>\n","protected":false},"author":5,"featured_media":5623,"comment_status":"closed","ping_status":"closed","sticky":false,"template":"","format":"standard","meta":{"_bbp_topic_count":0,"_bbp_reply_count":0,"_bbp_total_topic_count":0,"_bbp_total_reply_count":0,"_bbp_voice_count":0,"_bbp_anonymous_reply_count":0,"_bbp_topic_count_hidden":0,"_bbp_reply_count_hidden":0,"_bbp_forum_subforum_count":0,"footnotes":""},"categories":[128,1],"tags":[189,251],"class_list":["post-635","post","type-post","status-publish","format-standard","has-post-thumbnail","hentry","category-expressio","category-general","tag-creadors-en-residencia","tag-mar-arza"],"post_mailing_queue_ids":[],"_links":{"self":[{"href":"https:\/\/agora.xtec.cat\/iesnarcismonturiol\/wp-json\/wp\/v2\/posts\/635","targetHints":{"allow":["GET"]}}],"collection":[{"href":"https:\/\/agora.xtec.cat\/iesnarcismonturiol\/wp-json\/wp\/v2\/posts"}],"about":[{"href":"https:\/\/agora.xtec.cat\/iesnarcismonturiol\/wp-json\/wp\/v2\/types\/post"}],"author":[{"embeddable":true,"href":"https:\/\/agora.xtec.cat\/iesnarcismonturiol\/wp-json\/wp\/v2\/users\/5"}],"replies":[{"embeddable":true,"href":"https:\/\/agora.xtec.cat\/iesnarcismonturiol\/wp-json\/wp\/v2\/comments?post=635"}],"version-history":[{"count":0,"href":"https:\/\/agora.xtec.cat\/iesnarcismonturiol\/wp-json\/wp\/v2\/posts\/635\/revisions"}],"wp:featuredmedia":[{"embeddable":true,"href":"https:\/\/agora.xtec.cat\/iesnarcismonturiol\/wp-json\/wp\/v2\/media\/5623"}],"wp:attachment":[{"href":"https:\/\/agora.xtec.cat\/iesnarcismonturiol\/wp-json\/wp\/v2\/media?parent=635"}],"wp:term":[{"taxonomy":"category","embeddable":true,"href":"https:\/\/agora.xtec.cat\/iesnarcismonturiol\/wp-json\/wp\/v2\/categories?post=635"},{"taxonomy":"post_tag","embeddable":true,"href":"https:\/\/agora.xtec.cat\/iesnarcismonturiol\/wp-json\/wp\/v2\/tags?post=635"}],"curies":[{"name":"wp","href":"https:\/\/api.w.org\/{rel}","templated":true}]}}