{"id":6335,"date":"2017-02-21T20:12:20","date_gmt":"2017-02-21T20:12:20","guid":{"rendered":"http:\/\/insmonturiol.cat\/2a-sessio-continuem-amb-el-projecte-stem"},"modified":"2017-02-21T20:12:20","modified_gmt":"2017-02-21T20:12:20","slug":"2a-sessio-continuem-amb-el-projecte-stem","status":"publish","type":"post","link":"https:\/\/agora.xtec.cat\/iesnarcismonturiol\/ciencies-naturals\/2a-sessio-continuem-amb-el-projecte-stem\/","title":{"rendered":"2a sessi\u00f3, continuem amb el projecte STEM"},"content":{"rendered":"<div>Segona sessi\u00f3 de l&#8217;STEM, \u00a0objectiu: presentar el m\u00e8tode cient\u00edfic. Com ho farem? mitjan\u00e7ant el disseny i llan\u00e7ament d&#8217;avions de paper i la posterior millora.<\/div>\n<div>Mireu que ens explica l&#8217;Elena:<\/div>\n<div><\/div>\n<div>A la segona sessi\u00f3 de stem vam aprendre a aplicar el m\u00e8tode cient\u00edfic amb una pr\u00e0ctica: construir un avi\u00f3 de paper i fer-lo volar. Vam fer volar els avions hi hav\u00edem d&#8217;apuntar les primeres tres dist\u00e0ncies dels primers tres llan\u00e7aments, despr\u00e8s els hav\u00edem d&#8217;intentar millorar, seguidament fer-los volar uns altres tres cops i fixar-s&#8217;hi si la dist\u00e0ncia havia augmentat o disminu\u00eft. I finalment apuntar-hi les conclusions. Ens ho vam passar molt b\u00e9 i va ser molt divertit!<\/div>\n<p>Elena, 3r A<\/p>\n<p><a href=\"http:\/\/insmonturiol.cat\/wp-content\/uploads\/2017\/03\/WhatsApp-Image-2017-02-21-at-17.15.57.jpeg\"><img loading=\"lazy\" decoding=\"async\" class=\"size-medium wp-image-6342 alignleft\" src=\"http:\/\/insmonturiol.cat\/wp-content\/uploads\/2017\/03\/WhatsApp-Image-2017-02-21-at-17.15.57-169x300.jpeg\" alt=\"\" width=\"169\" height=\"300\" srcset=\"https:\/\/agora.xtec.cat\/iesnarcismonturiol\/wp-content\/uploads\/usu2521\/2017\/03\/WhatsApp-Image-2017-02-21-at-17.15.57-169x300.jpeg 169w, https:\/\/agora.xtec.cat\/iesnarcismonturiol\/wp-content\/uploads\/usu2521\/2017\/03\/WhatsApp-Image-2017-02-21-at-17.15.57-576x1024.jpeg 576w, https:\/\/agora.xtec.cat\/iesnarcismonturiol\/wp-content\/uploads\/usu2521\/2017\/03\/WhatsApp-Image-2017-02-21-at-17.15.57-768x1365.jpeg 768w, https:\/\/agora.xtec.cat\/iesnarcismonturiol\/wp-content\/uploads\/usu2521\/2017\/03\/WhatsApp-Image-2017-02-21-at-17.15.57-864x1536.jpeg 864w, https:\/\/agora.xtec.cat\/iesnarcismonturiol\/wp-content\/uploads\/usu2521\/2017\/03\/WhatsApp-Image-2017-02-21-at-17.15.57.jpeg 900w\" sizes=\"auto, (max-width: 169px) 100vw, 169px\" \/><\/a> <a href=\"http:\/\/insmonturiol.cat\/wp-content\/uploads\/2017\/03\/WhatsApp-Image-2017-02-21-at-17.06.12-1.jpeg\"><img loading=\"lazy\" decoding=\"async\" class=\"size-medium wp-image-6339 alignleft\" src=\"http:\/\/insmonturiol.cat\/wp-content\/uploads\/2017\/03\/WhatsApp-Image-2017-02-21-at-17.06.12-1-169x300.jpeg\" alt=\"\" width=\"169\" height=\"300\" srcset=\"https:\/\/agora.xtec.cat\/iesnarcismonturiol\/wp-content\/uploads\/usu2521\/2017\/03\/WhatsApp-Image-2017-02-21-at-17.06.12-1-169x300.jpeg 169w, https:\/\/agora.xtec.cat\/iesnarcismonturiol\/wp-content\/uploads\/usu2521\/2017\/03\/WhatsApp-Image-2017-02-21-at-17.06.12-1-576x1024.jpeg 576w, https:\/\/agora.xtec.cat\/iesnarcismonturiol\/wp-content\/uploads\/usu2521\/2017\/03\/WhatsApp-Image-2017-02-21-at-17.06.12-1-768x1365.jpeg 768w, https:\/\/agora.xtec.cat\/iesnarcismonturiol\/wp-content\/uploads\/usu2521\/2017\/03\/WhatsApp-Image-2017-02-21-at-17.06.12-1-864x1536.jpeg 864w, https:\/\/agora.xtec.cat\/iesnarcismonturiol\/wp-content\/uploads\/usu2521\/2017\/03\/WhatsApp-Image-2017-02-21-at-17.06.12-1.jpeg 900w\" sizes=\"auto, (max-width: 169px) 100vw, 169px\" \/><\/a> <a href=\"http:\/\/insmonturiol.cat\/wp-content\/uploads\/2017\/03\/WhatsApp-Image-2017-02-21-at-17.06.13.jpeg\"><img loading=\"lazy\" decoding=\"async\" class=\"size-medium wp-image-6337 alignleft\" src=\"http:\/\/insmonturiol.cat\/wp-content\/uploads\/2017\/03\/WhatsApp-Image-2017-02-21-at-17.06.13-300x169.jpeg\" alt=\"\" width=\"300\" height=\"169\" srcset=\"https:\/\/agora.xtec.cat\/iesnarcismonturiol\/wp-content\/uploads\/usu2521\/2017\/03\/WhatsApp-Image-2017-02-21-at-17.06.13-300x169.jpeg 300w, https:\/\/agora.xtec.cat\/iesnarcismonturiol\/wp-content\/uploads\/usu2521\/2017\/03\/WhatsApp-Image-2017-02-21-at-17.06.13-1024x576.jpeg 1024w, https:\/\/agora.xtec.cat\/iesnarcismonturiol\/wp-content\/uploads\/usu2521\/2017\/03\/WhatsApp-Image-2017-02-21-at-17.06.13-768x432.jpeg 768w, https:\/\/agora.xtec.cat\/iesnarcismonturiol\/wp-content\/uploads\/usu2521\/2017\/03\/WhatsApp-Image-2017-02-21-at-17.06.13-1536x864.jpeg 1536w, https:\/\/agora.xtec.cat\/iesnarcismonturiol\/wp-content\/uploads\/usu2521\/2017\/03\/WhatsApp-Image-2017-02-21-at-17.06.13.jpeg 1600w\" sizes=\"auto, (max-width: 300px) 100vw, 300px\" \/><\/a> <a href=\"http:\/\/insmonturiol.cat\/wp-content\/uploads\/2017\/03\/WhatsApp-Image-2017-02-21-at-17.15.57-1.jpeg\"><img loading=\"lazy\" decoding=\"async\" class=\"size-medium wp-image-6336 alignleft\" src=\"http:\/\/insmonturiol.cat\/wp-content\/uploads\/2017\/03\/WhatsApp-Image-2017-02-21-at-17.15.57-1-300x169.jpeg\" alt=\"\" width=\"300\" height=\"169\" srcset=\"https:\/\/agora.xtec.cat\/iesnarcismonturiol\/wp-content\/uploads\/usu2521\/2017\/03\/WhatsApp-Image-2017-02-21-at-17.15.57-1-300x169.jpeg 300w, https:\/\/agora.xtec.cat\/iesnarcismonturiol\/wp-content\/uploads\/usu2521\/2017\/03\/WhatsApp-Image-2017-02-21-at-17.15.57-1-1024x576.jpeg 1024w, https:\/\/agora.xtec.cat\/iesnarcismonturiol\/wp-content\/uploads\/usu2521\/2017\/03\/WhatsApp-Image-2017-02-21-at-17.15.57-1-768x432.jpeg 768w, https:\/\/agora.xtec.cat\/iesnarcismonturiol\/wp-content\/uploads\/usu2521\/2017\/03\/WhatsApp-Image-2017-02-21-at-17.15.57-1-1536x864.jpeg 1536w, https:\/\/agora.xtec.cat\/iesnarcismonturiol\/wp-content\/uploads\/usu2521\/2017\/03\/WhatsApp-Image-2017-02-21-at-17.15.57-1.jpeg 1600w\" sizes=\"auto, (max-width: 300px) 100vw, 300px\" \/><\/a><\/p>\n","protected":false},"excerpt":{"rendered":"<p>Segona sessi\u00f3 de l&#8217;STEM, \u00a0objectiu: presentar el m\u00e8tode cient\u00edfic. Com ho farem? mitjan\u00e7ant el disseny i llan\u00e7ament d&#8217;avions de paper i la posterior millora.<br \/>\nMireu que ens explica l&#8217;Elena:<\/p>\n<p>A la segona sessi\u00f3 de stem vam aprendre a aplicar el m\u00e8tode cient\u00edfic amb una pr\u00e0ctica: construir un&hellip;  <a href=\"https:\/\/agora.xtec.cat\/iesnarcismonturiol\/ciencies-naturals\/2a-sessio-continuem-amb-el-projecte-stem\/\" title=\"Read 2a sessi\u00f3, continuem amb el projecte STEM\">Llegeix m\u00e9s\u00bb<\/a><\/p>\n","protected":false},"author":5,"featured_media":6336,"comment_status":"closed","ping_status":"closed","sticky":false,"template":"","format":"standard","meta":{"_bbp_topic_count":0,"_bbp_reply_count":0,"_bbp_total_topic_count":0,"_bbp_total_reply_count":0,"_bbp_voice_count":0,"_bbp_anonymous_reply_count":0,"_bbp_topic_count_hidden":0,"_bbp_reply_count_hidden":0,"_bbp_forum_subforum_count":0,"footnotes":""},"categories":[122,128],"tags":[305,306],"class_list":["post-6335","post","type-post","status-publish","format-standard","has-post-thumbnail","hentry","category-ciencies-naturals","category-expressio","tag-steam","tag-stem"],"post_mailing_queue_ids":[],"_links":{"self":[{"href":"https:\/\/agora.xtec.cat\/iesnarcismonturiol\/wp-json\/wp\/v2\/posts\/6335","targetHints":{"allow":["GET"]}}],"collection":[{"href":"https:\/\/agora.xtec.cat\/iesnarcismonturiol\/wp-json\/wp\/v2\/posts"}],"about":[{"href":"https:\/\/agora.xtec.cat\/iesnarcismonturiol\/wp-json\/wp\/v2\/types\/post"}],"author":[{"embeddable":true,"href":"https:\/\/agora.xtec.cat\/iesnarcismonturiol\/wp-json\/wp\/v2\/users\/5"}],"replies":[{"embeddable":true,"href":"https:\/\/agora.xtec.cat\/iesnarcismonturiol\/wp-json\/wp\/v2\/comments?post=6335"}],"version-history":[{"count":0,"href":"https:\/\/agora.xtec.cat\/iesnarcismonturiol\/wp-json\/wp\/v2\/posts\/6335\/revisions"}],"wp:featuredmedia":[{"embeddable":true,"href":"https:\/\/agora.xtec.cat\/iesnarcismonturiol\/wp-json\/wp\/v2\/media\/6336"}],"wp:attachment":[{"href":"https:\/\/agora.xtec.cat\/iesnarcismonturiol\/wp-json\/wp\/v2\/media?parent=6335"}],"wp:term":[{"taxonomy":"category","embeddable":true,"href":"https:\/\/agora.xtec.cat\/iesnarcismonturiol\/wp-json\/wp\/v2\/categories?post=6335"},{"taxonomy":"post_tag","embeddable":true,"href":"https:\/\/agora.xtec.cat\/iesnarcismonturiol\/wp-json\/wp\/v2\/tags?post=6335"}],"curies":[{"name":"wp","href":"https:\/\/api.w.org\/{rel}","templated":true}]}}