{"id":6234,"date":"2017-01-23T09:48:49","date_gmt":"2017-01-23T09:48:49","guid":{"rendered":"http:\/\/insmonturiol.cat\/projecte-1r-deso-experimentem-a-la-ciutat-les-distancies-entre-els-planetes"},"modified":"2017-01-23T09:48:49","modified_gmt":"2017-01-23T09:48:49","slug":"projecte-1r-deso-experimentem-a-la-ciutat-les-distancies-entre-els-planetes","status":"publish","type":"post","link":"https:\/\/agora.xtec.cat\/iesnarcismonturiol\/general\/projecte-1r-deso-experimentem-a-la-ciutat-les-distancies-entre-els-planetes\/","title":{"rendered":"Projecte 1r d&#8217;ESO, Experimentem a la ciutat les dist\u00e0ncies entre els planetes."},"content":{"rendered":"<p>Dijous 19 de gener 1r de l\u2019ESO vam anar al planetari municipal d\u2019Horta Guinard\u00f3.<br \/>\nAl planetari, ens van ensenyar les diferents constel\u00b7lacions i les figures que les representen, trucs per trobar-les i informaci\u00f3 molt interessant sobre els planetes i les seves mides.<br \/>\nVam aprendre moltes coses, com per exemple, que al costat d\u2019altres planetes i d\u2019estelles d\u2019altres gal\u00e0xies no som res.<br \/>\nUn cop vam sortir del planetari vam fer grups amb la finalitat de que cada grup aniria a un punt de la ciutat de Barcelona diferent. Amb les tablets, vam gravar tot el recorregut per despr\u00e9s fer un v\u00eddeo a c\u00e0mera r\u00e0pida i fer-nos la idea de les distancies dels planetes a la mida de la ciutat.<br \/>\nTots compartim que ens ho vam passar molt b\u00e9, i vam aprendre moltes coses que encara no sab\u00edem i les hem trobat molt interessants.<\/p>\n<p>Paula, 1r d&#8217;ESO A<\/p>\n<p>fotografia:\u00a0https:\/\/plus.google.com\/110744051608284473121<\/p>\n","protected":false},"excerpt":{"rendered":"<p>Dijous 19 de gener 1r de l\u2019ESO vam anar al planetari municipal d\u2019Horta Guinard\u00f3.<br \/>\nAl planetari, ens van ensenyar les diferents constel\u00b7lacions i les figures que les representen, trucs per trobar-les i informaci\u00f3 molt interessant sobre els planetes i les seves mides.<br \/>\nVam aprendre moltes coses, com&hellip;  <a href=\"https:\/\/agora.xtec.cat\/iesnarcismonturiol\/general\/projecte-1r-deso-experimentem-a-la-ciutat-les-distancies-entre-els-planetes\/\" title=\"Read Projecte 1r d&#8217;ESO, Experimentem a la ciutat les dist\u00e0ncies entre els planetes.\">Llegeix m\u00e9s\u00bb<\/a><\/p>\n","protected":false},"author":5,"featured_media":6235,"comment_status":"closed","ping_status":"closed","sticky":false,"template":"","format":"standard","meta":{"_bbp_topic_count":0,"_bbp_reply_count":0,"_bbp_total_topic_count":0,"_bbp_total_reply_count":0,"_bbp_voice_count":0,"_bbp_anonymous_reply_count":0,"_bbp_topic_count_hidden":0,"_bbp_reply_count_hidden":0,"_bbp_forum_subforum_count":0,"footnotes":""},"categories":[122,123,128,1],"tags":[207,313],"class_list":["post-6234","post","type-post","status-publish","format-standard","has-post-thumbnail","hentry","category-ciencies-naturals","category-ciencies-socials","category-expressio","category-general","tag-entorn","tag-treball-per-projectes"],"post_mailing_queue_ids":[],"_links":{"self":[{"href":"https:\/\/agora.xtec.cat\/iesnarcismonturiol\/wp-json\/wp\/v2\/posts\/6234","targetHints":{"allow":["GET"]}}],"collection":[{"href":"https:\/\/agora.xtec.cat\/iesnarcismonturiol\/wp-json\/wp\/v2\/posts"}],"about":[{"href":"https:\/\/agora.xtec.cat\/iesnarcismonturiol\/wp-json\/wp\/v2\/types\/post"}],"author":[{"embeddable":true,"href":"https:\/\/agora.xtec.cat\/iesnarcismonturiol\/wp-json\/wp\/v2\/users\/5"}],"replies":[{"embeddable":true,"href":"https:\/\/agora.xtec.cat\/iesnarcismonturiol\/wp-json\/wp\/v2\/comments?post=6234"}],"version-history":[{"count":0,"href":"https:\/\/agora.xtec.cat\/iesnarcismonturiol\/wp-json\/wp\/v2\/posts\/6234\/revisions"}],"wp:featuredmedia":[{"embeddable":true,"href":"https:\/\/agora.xtec.cat\/iesnarcismonturiol\/wp-json\/wp\/v2\/media\/6235"}],"wp:attachment":[{"href":"https:\/\/agora.xtec.cat\/iesnarcismonturiol\/wp-json\/wp\/v2\/media?parent=6234"}],"wp:term":[{"taxonomy":"category","embeddable":true,"href":"https:\/\/agora.xtec.cat\/iesnarcismonturiol\/wp-json\/wp\/v2\/categories?post=6234"},{"taxonomy":"post_tag","embeddable":true,"href":"https:\/\/agora.xtec.cat\/iesnarcismonturiol\/wp-json\/wp\/v2\/tags?post=6234"}],"curies":[{"name":"wp","href":"https:\/\/api.w.org\/{rel}","templated":true}]}}