{"id":6222,"date":"2017-01-23T10:21:49","date_gmt":"2017-01-23T10:21:49","guid":{"rendered":"http:\/\/insmonturiol.cat\/2n-deso-al-monestir-de-pedralbes"},"modified":"2017-01-23T10:21:49","modified_gmt":"2017-01-23T10:21:49","slug":"2n-deso-al-monestir-de-pedralbes","status":"publish","type":"post","link":"https:\/\/agora.xtec.cat\/iesnarcismonturiol\/general\/2n-deso-al-monestir-de-pedralbes\/","title":{"rendered":"2n d&#8217;ESO al Monestir de Pedralbes"},"content":{"rendered":"<p>&nbsp;<\/p>\n<table style=\"border-collapse: collapse; border-color: #4c4c4c; border-width: 1px;\" border=\"1\" cellspacing=\"0\">\n<tbody>\n<tr>\n<td style=\"width: 60px;\">\u00a0<a href=\"http:\/\/insmonturiol.cat\/wp-content\/uploads\/2017\/01\/IMG_20170120_110550.jpg\"><img loading=\"lazy\" decoding=\"async\" class=\"aligncenter size-medium wp-image-6224\" src=\"http:\/\/insmonturiol.cat\/wp-content\/uploads\/2017\/01\/IMG_20170120_110550-300x225.jpg\" alt=\"IMG_20170120_110550\" width=\"300\" height=\"225\" srcset=\"https:\/\/agora.xtec.cat\/iesnarcismonturiol\/wp-content\/uploads\/usu2521\/2017\/01\/IMG_20170120_110550-300x225.jpg 300w, https:\/\/agora.xtec.cat\/iesnarcismonturiol\/wp-content\/uploads\/usu2521\/2017\/01\/IMG_20170120_110550-1024x768.jpg 1024w, https:\/\/agora.xtec.cat\/iesnarcismonturiol\/wp-content\/uploads\/usu2521\/2017\/01\/IMG_20170120_110550-768x576.jpg 768w, https:\/\/agora.xtec.cat\/iesnarcismonturiol\/wp-content\/uploads\/usu2521\/2017\/01\/IMG_20170120_110550-1536x1152.jpg 1536w, https:\/\/agora.xtec.cat\/iesnarcismonturiol\/wp-content\/uploads\/usu2521\/2017\/01\/IMG_20170120_110550-2048x1536.jpg 2048w, https:\/\/agora.xtec.cat\/iesnarcismonturiol\/wp-content\/uploads\/usu2521\/2017\/01\/IMG_20170120_110550-200x150.jpg 200w\" sizes=\"auto, (max-width: 300px) 100vw, 300px\" \/><\/a><\/td>\n<td style=\"width: 60px;\"><a href=\"http:\/\/insmonturiol.cat\/wp-content\/uploads\/2017\/01\/IMG_20170120_114348.jpg\"><img loading=\"lazy\" decoding=\"async\" class=\"aligncenter size-medium wp-image-6223\" src=\"http:\/\/insmonturiol.cat\/wp-content\/uploads\/2017\/01\/IMG_20170120_114348-225x300.jpg\" alt=\"IMG_20170120_114348\" width=\"225\" height=\"300\" srcset=\"https:\/\/agora.xtec.cat\/iesnarcismonturiol\/wp-content\/uploads\/usu2521\/2017\/01\/IMG_20170120_114348-225x300.jpg 225w, https:\/\/agora.xtec.cat\/iesnarcismonturiol\/wp-content\/uploads\/usu2521\/2017\/01\/IMG_20170120_114348-768x1024.jpg 768w, https:\/\/agora.xtec.cat\/iesnarcismonturiol\/wp-content\/uploads\/usu2521\/2017\/01\/IMG_20170120_114348-1152x1536.jpg 1152w, https:\/\/agora.xtec.cat\/iesnarcismonturiol\/wp-content\/uploads\/usu2521\/2017\/01\/IMG_20170120_114348-1536x2048.jpg 1536w, https:\/\/agora.xtec.cat\/iesnarcismonturiol\/wp-content\/uploads\/usu2521\/2017\/01\/IMG_20170120_114348-scaled.jpg 1920w\" sizes=\"auto, (max-width: 225px) 100vw, 225px\" \/><\/a><\/td>\n<\/tr>\n<\/tbody>\n<\/table>\n<p>&nbsp;<\/p>\n<p>Divendres, l&#8217;alumnat de 2n vam anar al monestir de Pedralbes. A la classe de 2n B ens va explicar el monument la Berta. Ens va indicar unes quantes coses interessants sobre aquell monestir situat al barri de Pedralbes. Per comen\u00e7ar ens va informar sobre \u00a0qui ho va fundar i quina gent vivia. Aleshores vam entrar al claustre i all\u00e0 ens va explicar sobre els vots de les monges o la seva jerarquia. Seguidament vam passejar per \u00a0on dormien les monges, \u00a0en aquells temps era el lloc m\u00e9s fred de tot el monestir . Tamb\u00e9 vam anar al lloc on menjaven, a m\u00e9s a\u00a0 la cuina \u00a0i ens va explicar una mica la dieta que feien. Quan ja acab\u00e0vem vam anar a on era la infermeria que era un lloc bastant ample. I abans de marxar vam visitar \u00a0l&#8217;esgl\u00e9sia que \u00e9s d&#8217;estil g\u00f2tic catal\u00e0.<\/p>\n<p>Va ser una sortida molt interessant i vam aprendre coses noves.<\/p>\n<p>Gisela, 2n B d&#8217;ESO<\/p>\n<p>fotografies Lucia 2n B d&#8217;ESO<\/p>\n","protected":false},"excerpt":{"rendered":"<p>&nbsp;<\/p>\n<p>\u00a0<a href=\"http:\/\/insmonturiol.cat\/wp-content\/uploads\/2017\/01\/IMG_20170120_110550.jpg\"><\/a><br \/>\n<a href=\"http:\/\/insmonturiol.cat\/wp-content\/uploads\/2017\/01\/IMG_20170120_114348.jpg\"><\/a><\/p>\n<p>&nbsp;<br \/>\nDivendres, l&#8217;alumnat de 2n vam anar al monestir de Pedralbes. A la classe de 2n B ens va explicar el monument la Berta. Ens va indicar unes quantes coses interessants sobre aquell monestir situat al barri de Pedralbes. Per comen\u00e7ar ens va informar&hellip;  <a href=\"https:\/\/agora.xtec.cat\/iesnarcismonturiol\/general\/2n-deso-al-monestir-de-pedralbes\/\" title=\"Read 2n d&#8217;ESO al Monestir de Pedralbes\">Llegeix m\u00e9s\u00bb<\/a><\/p>\n","protected":false},"author":5,"featured_media":6225,"comment_status":"closed","ping_status":"closed","sticky":false,"template":"","format":"standard","meta":{"_bbp_topic_count":0,"_bbp_reply_count":0,"_bbp_total_topic_count":0,"_bbp_total_reply_count":0,"_bbp_voice_count":0,"_bbp_anonymous_reply_count":0,"_bbp_topic_count_hidden":0,"_bbp_reply_count_hidden":0,"_bbp_forum_subforum_count":0,"footnotes":""},"categories":[123,1],"tags":[156,231],"class_list":["post-6222","post","type-post","status-publish","format-standard","has-post-thumbnail","hentry","category-ciencies-socials","category-general","tag-art","tag-historia"],"post_mailing_queue_ids":[],"_links":{"self":[{"href":"https:\/\/agora.xtec.cat\/iesnarcismonturiol\/wp-json\/wp\/v2\/posts\/6222","targetHints":{"allow":["GET"]}}],"collection":[{"href":"https:\/\/agora.xtec.cat\/iesnarcismonturiol\/wp-json\/wp\/v2\/posts"}],"about":[{"href":"https:\/\/agora.xtec.cat\/iesnarcismonturiol\/wp-json\/wp\/v2\/types\/post"}],"author":[{"embeddable":true,"href":"https:\/\/agora.xtec.cat\/iesnarcismonturiol\/wp-json\/wp\/v2\/users\/5"}],"replies":[{"embeddable":true,"href":"https:\/\/agora.xtec.cat\/iesnarcismonturiol\/wp-json\/wp\/v2\/comments?post=6222"}],"version-history":[{"count":0,"href":"https:\/\/agora.xtec.cat\/iesnarcismonturiol\/wp-json\/wp\/v2\/posts\/6222\/revisions"}],"wp:featuredmedia":[{"embeddable":true,"href":"https:\/\/agora.xtec.cat\/iesnarcismonturiol\/wp-json\/wp\/v2\/media\/6225"}],"wp:attachment":[{"href":"https:\/\/agora.xtec.cat\/iesnarcismonturiol\/wp-json\/wp\/v2\/media?parent=6222"}],"wp:term":[{"taxonomy":"category","embeddable":true,"href":"https:\/\/agora.xtec.cat\/iesnarcismonturiol\/wp-json\/wp\/v2\/categories?post=6222"},{"taxonomy":"post_tag","embeddable":true,"href":"https:\/\/agora.xtec.cat\/iesnarcismonturiol\/wp-json\/wp\/v2\/tags?post=6222"}],"curies":[{"name":"wp","href":"https:\/\/api.w.org\/{rel}","templated":true}]}}