{"id":6208,"date":"2017-01-20T11:20:03","date_gmt":"2017-01-20T11:20:03","guid":{"rendered":"http:\/\/insmonturiol.cat\/collserola-3r-deso-en-bicicleta"},"modified":"2017-01-20T11:20:03","modified_gmt":"2017-01-20T11:20:03","slug":"collserola-3r-deso-en-bicicleta","status":"publish","type":"post","link":"https:\/\/agora.xtec.cat\/iesnarcismonturiol\/general\/collserola-3r-deso-en-bicicleta\/","title":{"rendered":"Collserola, 3r d&#8217;ESO en Bicicleta"},"content":{"rendered":"<p>&nbsp;<\/p>\n<table style=\"border-width: 1px; border-color: #888888; border-collapse: collapse;\" border=\"1\" cellspacing=\"0\">\n<tbody>\n<tr>\n<td style=\"width: 60px;\">\u00a0<a href=\"http:\/\/insmonturiol.cat\/wp-content\/uploads\/2017\/02\/IMG_0395.jpg\"><br \/>\n<\/a> <a href=\"http:\/\/insmonturiol.cat\/wp-content\/uploads\/2017\/02\/IMG_0397.jpg\"><img loading=\"lazy\" decoding=\"async\" class=\"aligncenter size-medium wp-image-6267\" src=\"http:\/\/insmonturiol.cat\/wp-content\/uploads\/2017\/02\/IMG_0397-300x225.jpg\" alt=\"IMG_0397\" width=\"300\" height=\"225\" srcset=\"https:\/\/agora.xtec.cat\/iesnarcismonturiol\/wp-content\/uploads\/usu2521\/2017\/02\/IMG_0397-300x225.jpg 300w, https:\/\/agora.xtec.cat\/iesnarcismonturiol\/wp-content\/uploads\/usu2521\/2017\/02\/IMG_0397-1024x768.jpg 1024w, https:\/\/agora.xtec.cat\/iesnarcismonturiol\/wp-content\/uploads\/usu2521\/2017\/02\/IMG_0397-768x576.jpg 768w, https:\/\/agora.xtec.cat\/iesnarcismonturiol\/wp-content\/uploads\/usu2521\/2017\/02\/IMG_0397-1536x1152.jpg 1536w, https:\/\/agora.xtec.cat\/iesnarcismonturiol\/wp-content\/uploads\/usu2521\/2017\/02\/IMG_0397-2048x1536.jpg 2048w, https:\/\/agora.xtec.cat\/iesnarcismonturiol\/wp-content\/uploads\/usu2521\/2017\/02\/IMG_0397-200x150.jpg 200w\" sizes=\"auto, (max-width: 300px) 100vw, 300px\" \/><\/a><\/td>\n<td style=\"width: 60px;\">\u00a0<img loading=\"lazy\" decoding=\"async\" class=\"aligncenter size-medium wp-image-6265\" src=\"http:\/\/insmonturiol.cat\/wp-content\/uploads\/2017\/02\/IMG_0395-300x225.jpg\" alt=\"IMG_0395\" width=\"300\" height=\"225\" srcset=\"https:\/\/agora.xtec.cat\/iesnarcismonturiol\/wp-content\/uploads\/usu2521\/2017\/02\/IMG_0395-300x225.jpg 300w, https:\/\/agora.xtec.cat\/iesnarcismonturiol\/wp-content\/uploads\/usu2521\/2017\/02\/IMG_0395-1024x768.jpg 1024w, https:\/\/agora.xtec.cat\/iesnarcismonturiol\/wp-content\/uploads\/usu2521\/2017\/02\/IMG_0395-768x576.jpg 768w, https:\/\/agora.xtec.cat\/iesnarcismonturiol\/wp-content\/uploads\/usu2521\/2017\/02\/IMG_0395-1536x1152.jpg 1536w, https:\/\/agora.xtec.cat\/iesnarcismonturiol\/wp-content\/uploads\/usu2521\/2017\/02\/IMG_0395-2048x1536.jpg 2048w, https:\/\/agora.xtec.cat\/iesnarcismonturiol\/wp-content\/uploads\/usu2521\/2017\/02\/IMG_0395-200x150.jpg 200w\" sizes=\"auto, (max-width: 300px) 100vw, 300px\" \/><\/td>\n<td style=\"width: 60px;\">\u00a0<a href=\"http:\/\/insmonturiol.cat\/wp-content\/uploads\/2017\/02\/IMG_0395.jpg\"><img loading=\"lazy\" decoding=\"async\" class=\"aligncenter size-medium wp-image-6265\" src=\"http:\/\/insmonturiol.cat\/wp-content\/uploads\/2017\/02\/IMG_0395-300x225.jpg\" alt=\"IMG_0395\" width=\"300\" height=\"225\" srcset=\"https:\/\/agora.xtec.cat\/iesnarcismonturiol\/wp-content\/uploads\/usu2521\/2017\/02\/IMG_0395-300x225.jpg 300w, https:\/\/agora.xtec.cat\/iesnarcismonturiol\/wp-content\/uploads\/usu2521\/2017\/02\/IMG_0395-1024x768.jpg 1024w, https:\/\/agora.xtec.cat\/iesnarcismonturiol\/wp-content\/uploads\/usu2521\/2017\/02\/IMG_0395-768x576.jpg 768w, https:\/\/agora.xtec.cat\/iesnarcismonturiol\/wp-content\/uploads\/usu2521\/2017\/02\/IMG_0395-1536x1152.jpg 1536w, https:\/\/agora.xtec.cat\/iesnarcismonturiol\/wp-content\/uploads\/usu2521\/2017\/02\/IMG_0395-2048x1536.jpg 2048w, https:\/\/agora.xtec.cat\/iesnarcismonturiol\/wp-content\/uploads\/usu2521\/2017\/02\/IMG_0395-200x150.jpg 200w\" sizes=\"auto, (max-width: 300px) 100vw, 300px\" \/><\/a><\/td>\n<\/tr>\n<\/tbody>\n<\/table>\n<p>&nbsp;<\/p>\n<p>Els nois i les noies de 3r A vam anar en bicicleta per Collserola. Ens vam dirigir cap al punt de trobada en metro, ferrocarril i, a Vallvidrera, vam pujar en funicular fins a carretera de les Aig\u00fces. All\u00e0 ens esperaven dos monitors que ens van explicar una mica el funcionament de les bicis i mesures de seguretat. Ens vam posar el casc&#8230; i en marxa! Un recorregut de m\u00e9s de 10 km per la muntanya de Collserola. Tothom es va cansar una mica, per\u00f2 les vistes eren impressionants.<\/p>\n<div>Natalia i Paula, 3r eso A<\/div>\n<div><\/div>\n<table style=\"border-width: 1px; border-color: #888888; border-collapse: collapse;\" border=\"1\" cellspacing=\"0\">\n<tbody>\n<tr>\n<td style=\"width: 60px;\">\u00a0<a href=\"http:\/\/insmonturiol.cat\/wp-content\/uploads\/2017\/02\/3r-eso-b-collserola-2.jpg\"><img loading=\"lazy\" decoding=\"async\" class=\"aligncenter size-medium wp-image-6262\" src=\"http:\/\/insmonturiol.cat\/wp-content\/uploads\/2017\/02\/3r-eso-b-collserola-2-300x168.jpg\" alt=\"3r eso b collserola 2\" width=\"300\" height=\"168\" srcset=\"https:\/\/agora.xtec.cat\/iesnarcismonturiol\/wp-content\/uploads\/usu2521\/2017\/02\/3r-eso-b-collserola-2-300x168.jpg 300w, https:\/\/agora.xtec.cat\/iesnarcismonturiol\/wp-content\/uploads\/usu2521\/2017\/02\/3r-eso-b-collserola-2-768x431.jpg 768w, https:\/\/agora.xtec.cat\/iesnarcismonturiol\/wp-content\/uploads\/usu2521\/2017\/02\/3r-eso-b-collserola-2.jpg 791w\" sizes=\"auto, (max-width: 300px) 100vw, 300px\" \/><\/a><\/td>\n<td style=\"width: 60px;\">\u00a0<a href=\"http:\/\/insmonturiol.cat\/wp-content\/uploads\/2017\/02\/3r-eso-b-collserola-3.jpg\"><img loading=\"lazy\" decoding=\"async\" class=\"aligncenter size-medium wp-image-6263\" src=\"http:\/\/insmonturiol.cat\/wp-content\/uploads\/2017\/02\/3r-eso-b-collserola-3-300x168.jpg\" alt=\"3r eso b collserola 3\" width=\"300\" height=\"168\" srcset=\"https:\/\/agora.xtec.cat\/iesnarcismonturiol\/wp-content\/uploads\/usu2521\/2017\/02\/3r-eso-b-collserola-3-300x168.jpg 300w, https:\/\/agora.xtec.cat\/iesnarcismonturiol\/wp-content\/uploads\/usu2521\/2017\/02\/3r-eso-b-collserola-3.jpg 759w\" sizes=\"auto, (max-width: 300px) 100vw, 300px\" \/><\/a><\/td>\n<td style=\"width: 60px;\">\u00a0<a href=\"http:\/\/insmonturiol.cat\/wp-content\/uploads\/2017\/02\/3r-eso-b-collserola-1.jpg\"><img loading=\"lazy\" decoding=\"async\" class=\"aligncenter size-medium wp-image-6261\" src=\"http:\/\/insmonturiol.cat\/wp-content\/uploads\/2017\/02\/3r-eso-b-collserola-1-300x168.jpg\" alt=\"3r eso b collserola 1\" width=\"300\" height=\"168\" srcset=\"https:\/\/agora.xtec.cat\/iesnarcismonturiol\/wp-content\/uploads\/usu2521\/2017\/02\/3r-eso-b-collserola-1-300x168.jpg 300w, https:\/\/agora.xtec.cat\/iesnarcismonturiol\/wp-content\/uploads\/usu2521\/2017\/02\/3r-eso-b-collserola-1.jpg 740w\" sizes=\"auto, (max-width: 300px) 100vw, 300px\" \/><\/a><\/td>\n<\/tr>\n<\/tbody>\n<\/table>\n<p>&nbsp;<\/p>\n<div>\n<p>Al dimecres 18 de Gener, els alumnes de 3r B d\u2019ESO va manar a una sortida amb bicicleta. Primer vam agafar el metro a L3 fins a Diagonal i llavors agaf\u00e0rem el tren a Proven\u00e7a fins a El peu del Funicular. En arribar camin\u00e0rem pel Passeig de les Aig\u00fces fins al lloc on estaven disposades les bicicletes.<\/p>\n<p>Vam agafar les bicicletes i vam fer un recorregut d\u2019uns 20 km, i en tornar al lloc d\u2019inici, els monitors proposaren tornar a fer una petita volta mentre els altres alumnes arribaven.<\/p>\n<p>La meva opini\u00f3 \u00e9s que estava molt b\u00e9, per\u00f2 que per poder aguantar el ritme dels monitors, t\u2019havies d\u2019esfor\u00e7ar bastant. Tot i aix\u00f2, va ser una excursi\u00f3 molt divertida.<\/p>\n<p>Eva, 3r d\u2019ESO B, text<\/p>\n<p>Marc 3r d\u2019ESO, fotografies<\/p>\n<\/div>\n","protected":false},"excerpt":{"rendered":"<p>&nbsp;<\/p>\n<p>\u00a0<a href=\"http:\/\/insmonturiol.cat\/wp-content\/uploads\/2017\/02\/IMG_0395.jpg\"><br \/>\n<\/a> <a href=\"http:\/\/insmonturiol.cat\/wp-content\/uploads\/2017\/02\/IMG_0397.jpg\"><\/a><br \/>\n\u00a0<br \/>\n\u00a0<a href=\"http:\/\/insmonturiol.cat\/wp-content\/uploads\/2017\/02\/IMG_0395.jpg\"><\/a><\/p>\n<p>&nbsp;<br \/>\nEls nois i les noies de 3r A vam anar en bicicleta per Collserola. Ens vam dirigir cap al punt de trobada en metro, ferrocarril i, a Vallvidrera, vam pujar en funicular fins a carretera de les Aig\u00fces. All\u00e0 ens esperaven&hellip;  <a href=\"https:\/\/agora.xtec.cat\/iesnarcismonturiol\/general\/collserola-3r-deso-en-bicicleta\/\" title=\"Read Collserola, 3r d&#8217;ESO en Bicicleta\">Llegeix m\u00e9s\u00bb<\/a><\/p>\n","protected":false},"author":5,"featured_media":6261,"comment_status":"open","ping_status":"open","sticky":false,"template":"","format":"standard","meta":{"_bbp_topic_count":0,"_bbp_reply_count":0,"_bbp_total_topic_count":0,"_bbp_total_reply_count":0,"_bbp_voice_count":0,"_bbp_anonymous_reply_count":0,"_bbp_topic_count_hidden":0,"_bbp_reply_count_hidden":0,"_bbp_forum_subforum_count":0,"footnotes":""},"categories":[128,1],"tags":[207,214,318],"class_list":["post-6208","post","type-post","status-publish","format-standard","has-post-thumbnail","hentry","category-expressio","category-general","tag-entorn","tag-esports","tag-tutoria"],"post_mailing_queue_ids":[],"_links":{"self":[{"href":"https:\/\/agora.xtec.cat\/iesnarcismonturiol\/wp-json\/wp\/v2\/posts\/6208","targetHints":{"allow":["GET"]}}],"collection":[{"href":"https:\/\/agora.xtec.cat\/iesnarcismonturiol\/wp-json\/wp\/v2\/posts"}],"about":[{"href":"https:\/\/agora.xtec.cat\/iesnarcismonturiol\/wp-json\/wp\/v2\/types\/post"}],"author":[{"embeddable":true,"href":"https:\/\/agora.xtec.cat\/iesnarcismonturiol\/wp-json\/wp\/v2\/users\/5"}],"replies":[{"embeddable":true,"href":"https:\/\/agora.xtec.cat\/iesnarcismonturiol\/wp-json\/wp\/v2\/comments?post=6208"}],"version-history":[{"count":0,"href":"https:\/\/agora.xtec.cat\/iesnarcismonturiol\/wp-json\/wp\/v2\/posts\/6208\/revisions"}],"wp:featuredmedia":[{"embeddable":true,"href":"https:\/\/agora.xtec.cat\/iesnarcismonturiol\/wp-json\/wp\/v2\/media\/6261"}],"wp:attachment":[{"href":"https:\/\/agora.xtec.cat\/iesnarcismonturiol\/wp-json\/wp\/v2\/media?parent=6208"}],"wp:term":[{"taxonomy":"category","embeddable":true,"href":"https:\/\/agora.xtec.cat\/iesnarcismonturiol\/wp-json\/wp\/v2\/categories?post=6208"},{"taxonomy":"post_tag","embeddable":true,"href":"https:\/\/agora.xtec.cat\/iesnarcismonturiol\/wp-json\/wp\/v2\/tags?post=6208"}],"curies":[{"name":"wp","href":"https:\/\/api.w.org\/{rel}","templated":true}]}}