{"id":6178,"date":"2016-12-15T09:10:18","date_gmt":"2016-12-15T09:10:18","guid":{"rendered":"http:\/\/insmonturiol.cat\/lliurament-dels-diplomes-delf-scolaire-2016-a-linstitut-francais"},"modified":"2016-12-15T09:10:18","modified_gmt":"2016-12-15T09:10:18","slug":"lliurament-dels-diplomes-delf-scolaire-2016-a-linstitut-francais","status":"publish","type":"post","link":"https:\/\/agora.xtec.cat\/iesnarcismonturiol\/general\/lliurament-dels-diplomes-delf-scolaire-2016-a-linstitut-francais\/","title":{"rendered":"Lliurament dels diplomes DELF Scolaire 2016 a l&#8217;Institut Fran\u00e7ais"},"content":{"rendered":"<p>Le 14 d\u00e9cembre a eu lieu la c\u00e9r\u00e9monie de remise des dipl\u00f4mes du DELF Scolaire 2016 \u00e0 l&#8217;Institut Fran\u00e7ais de Barcelone. Nous avons eu le plaisir d&#8217;y accompagner les deux \u00e9l\u00e8ves de notre coll\u00e8ge, David D\u00edaz et Ona Mart\u00ednez, qui ont obtenu\u00a0leurs dipl\u00f4mes DELF A2 et B1. Dans l&#8217;acte ont particip\u00e9 des repr\u00e9sentants de l&#8217;Institut Fran\u00e7ais, du Consolat G\u00e9n\u00e9ral de France et du Consorci d&#8217;Educaci\u00f3, ainsi que des professeurs, des \u00e9l\u00e8ves et des familles. Nous f\u00e9licitons nos \u00e9l\u00e8ves et nous esp\u00e9rons que cette exp\u00e9rience encouragera d&#8217;autres \u00e9l\u00e8ves \u00e0 participer et \u00e0 se pr\u00e9senter aux prochaines s\u00e9ances des examens du DELF Scolaire.<\/p>\n<p>Lourdes Nevado, professora de franc\u00e8s.<\/p>\n","protected":false},"excerpt":{"rendered":"<p>Le 14 d\u00e9cembre a eu lieu la c\u00e9r\u00e9monie de remise des dipl\u00f4mes du DELF Scolaire 2016 \u00e0 l&#8217;Institut Fran\u00e7ais de Barcelone. Nous avons eu le plaisir d&#8217;y accompagner les deux \u00e9l\u00e8ves de notre coll\u00e8ge, David D\u00edaz et Ona Mart\u00ednez, qui ont obtenu\u00a0leurs dipl\u00f4mes DELF A2&hellip;  <a href=\"https:\/\/agora.xtec.cat\/iesnarcismonturiol\/general\/lliurament-dels-diplomes-delf-scolaire-2016-a-linstitut-francais\/\" title=\"Read Lliurament dels diplomes DELF Scolaire 2016 a l&#8217;Institut Fran\u00e7ais\">Llegeix m\u00e9s\u00bb<\/a><\/p>\n","protected":false},"author":5,"featured_media":6180,"comment_status":"open","ping_status":"open","sticky":false,"template":"","format":"standard","meta":{"_bbp_topic_count":0,"_bbp_reply_count":0,"_bbp_total_topic_count":0,"_bbp_total_reply_count":0,"_bbp_voice_count":0,"_bbp_anonymous_reply_count":0,"_bbp_topic_count_hidden":0,"_bbp_reply_count_hidden":0,"_bbp_forum_subforum_count":0,"footnotes":""},"categories":[1,130],"tags":[193,225],"class_list":["post-6178","post","type-post","status-publish","format-standard","has-post-thumbnail","hentry","category-general","category-llegues-estrangeres","tag-delf","tag-frances"],"post_mailing_queue_ids":[],"_links":{"self":[{"href":"https:\/\/agora.xtec.cat\/iesnarcismonturiol\/wp-json\/wp\/v2\/posts\/6178","targetHints":{"allow":["GET"]}}],"collection":[{"href":"https:\/\/agora.xtec.cat\/iesnarcismonturiol\/wp-json\/wp\/v2\/posts"}],"about":[{"href":"https:\/\/agora.xtec.cat\/iesnarcismonturiol\/wp-json\/wp\/v2\/types\/post"}],"author":[{"embeddable":true,"href":"https:\/\/agora.xtec.cat\/iesnarcismonturiol\/wp-json\/wp\/v2\/users\/5"}],"replies":[{"embeddable":true,"href":"https:\/\/agora.xtec.cat\/iesnarcismonturiol\/wp-json\/wp\/v2\/comments?post=6178"}],"version-history":[{"count":0,"href":"https:\/\/agora.xtec.cat\/iesnarcismonturiol\/wp-json\/wp\/v2\/posts\/6178\/revisions"}],"wp:featuredmedia":[{"embeddable":true,"href":"https:\/\/agora.xtec.cat\/iesnarcismonturiol\/wp-json\/wp\/v2\/media\/6180"}],"wp:attachment":[{"href":"https:\/\/agora.xtec.cat\/iesnarcismonturiol\/wp-json\/wp\/v2\/media?parent=6178"}],"wp:term":[{"taxonomy":"category","embeddable":true,"href":"https:\/\/agora.xtec.cat\/iesnarcismonturiol\/wp-json\/wp\/v2\/categories?post=6178"},{"taxonomy":"post_tag","embeddable":true,"href":"https:\/\/agora.xtec.cat\/iesnarcismonturiol\/wp-json\/wp\/v2\/tags?post=6178"}],"curies":[{"name":"wp","href":"https:\/\/api.w.org\/{rel}","templated":true}]}}