{"id":611,"date":"2011-09-19T14:58:35","date_gmt":"2011-09-19T14:58:35","guid":{"rendered":"http:\/\/insmonturiol.cat\/nou-web-%e2%80%9cfamilia-i-escola-junts-x-l%e2%80%99educacio%e2%80%9d"},"modified":"2011-09-19T14:58:35","modified_gmt":"2011-09-19T14:58:35","slug":"nou-web-familia-i-escola-junts-x-leducacio","status":"publish","type":"post","link":"https:\/\/agora.xtec.cat\/iesnarcismonturiol\/general\/nou-web-familia-i-escola-junts-x-leducacio\/","title":{"rendered":"Nou web \u201cFam\u00edlia i Escola. Junts x l\u2019Educaci\u00f3\u201d"},"content":{"rendered":"<p>Us convidem a utilitzar el nou web del Departament d&#8217;Ensenyament &#8220;Fam\u00edlia i Escola. Junts x l&#8217;Educaci\u00f3&#8221; adre\u00e7at a les fam\u00edlies.<\/p>\n<p>Posa al vostre abast informaci\u00f3, orientacions i recursos que us seran d&#8217;utilitat per seguir el proc\u00e9s escolar i educatiu dels vostres fills i filles.<\/p>\n<p>www.gencat.cat\/ensenyament\/familiaiescola<\/p>\n","protected":false},"excerpt":{"rendered":"<p>Us convidem a utilitzar el nou web del Departament d&#8217;Ensenyament &#8220;Fam\u00edlia i Escola. Junts x l&#8217;Educaci\u00f3&#8221; adre\u00e7at a les fam\u00edlies.<br \/>\nPosa al vostre abast informaci\u00f3, orientacions i recursos que us seran d&#8217;utilitat per seguir el proc\u00e9s escolar i educatiu dels vostres fills i filles.<br \/>\nwww.gencat.cat\/ensenyament\/familiaiescola<\/p>\n","protected":false},"author":5,"featured_media":8946,"comment_status":"closed","ping_status":"closed","sticky":false,"template":"","format":"standard","meta":{"_bbp_topic_count":0,"_bbp_reply_count":0,"_bbp_total_topic_count":0,"_bbp_total_reply_count":0,"_bbp_voice_count":0,"_bbp_anonymous_reply_count":0,"_bbp_topic_count_hidden":0,"_bbp_reply_count_hidden":0,"_bbp_forum_subforum_count":0,"footnotes":""},"categories":[1],"tags":[],"class_list":["post-611","post","type-post","status-publish","format-standard","has-post-thumbnail","hentry","category-general"],"post_mailing_queue_ids":[],"_links":{"self":[{"href":"https:\/\/agora.xtec.cat\/iesnarcismonturiol\/wp-json\/wp\/v2\/posts\/611","targetHints":{"allow":["GET"]}}],"collection":[{"href":"https:\/\/agora.xtec.cat\/iesnarcismonturiol\/wp-json\/wp\/v2\/posts"}],"about":[{"href":"https:\/\/agora.xtec.cat\/iesnarcismonturiol\/wp-json\/wp\/v2\/types\/post"}],"author":[{"embeddable":true,"href":"https:\/\/agora.xtec.cat\/iesnarcismonturiol\/wp-json\/wp\/v2\/users\/5"}],"replies":[{"embeddable":true,"href":"https:\/\/agora.xtec.cat\/iesnarcismonturiol\/wp-json\/wp\/v2\/comments?post=611"}],"version-history":[{"count":0,"href":"https:\/\/agora.xtec.cat\/iesnarcismonturiol\/wp-json\/wp\/v2\/posts\/611\/revisions"}],"wp:featuredmedia":[{"embeddable":true,"href":"https:\/\/agora.xtec.cat\/iesnarcismonturiol\/wp-json\/wp\/v2\/media\/8946"}],"wp:attachment":[{"href":"https:\/\/agora.xtec.cat\/iesnarcismonturiol\/wp-json\/wp\/v2\/media?parent=611"}],"wp:term":[{"taxonomy":"category","embeddable":true,"href":"https:\/\/agora.xtec.cat\/iesnarcismonturiol\/wp-json\/wp\/v2\/categories?post=611"},{"taxonomy":"post_tag","embeddable":true,"href":"https:\/\/agora.xtec.cat\/iesnarcismonturiol\/wp-json\/wp\/v2\/tags?post=611"}],"curies":[{"name":"wp","href":"https:\/\/api.w.org\/{rel}","templated":true}]}}