{"id":6107,"date":"2016-12-15T12:29:48","date_gmt":"2016-12-15T12:29:48","guid":{"rendered":"http:\/\/insmonturiol.cat\/20-de-desembre-assemblea-de-lampa-participa"},"modified":"2016-12-15T12:29:48","modified_gmt":"2016-12-15T12:29:48","slug":"20-de-desembre-assemblea-de-lampa-participa","status":"publish","type":"post","link":"https:\/\/agora.xtec.cat\/iesnarcismonturiol\/general\/20-de-desembre-assemblea-de-lampa-participa\/","title":{"rendered":"20 de desembre Assemblea de l&#8217;AMPA. Participa!"},"content":{"rendered":"<p>L&#8217;Associaci\u00f3 de Mares i Pares de l&#8217;Institut us convoca a l&#8221;Assemblea General Ordin\u00e0ria que tindr\u00e0 lloc a la sala d\u2019actes de l\u2019INS Narc\u00eds Monturiol, el dimarts 20 de desembre de 2016, a les 18.30 hores en primera convocat\u00f2ria i a les 19.00 hores en segona convocat\u00f2ria.<\/p>\n<p>Podeu consultar l&#8217;ordre del dia a l&#8217;enlla\u00e7: \u00a0<a href=\"http:\/\/insmonturiol.cat\/wp-content\/uploads\/2016\/12\/convocatoria-assamblea-2016.pdf\">convocatoria-assamblea-2016<\/a><\/p>\n<div class=\"yj6qo ajU\">\n<div id=\":14j\" class=\"ajR\" tabindex=\"0\" data-tooltip=\"Mostra el contingut redu\u00eft\"><img decoding=\"async\" class=\"ajT\" src=\"https:\/\/ssl.gstatic.com\/ui\/v1\/icons\/mail\/images\/cleardot.gif\" \/><\/div>\n<\/div>\n","protected":false},"excerpt":{"rendered":"<p>L&#8217;Associaci\u00f3 de Mares i Pares de l&#8217;Institut us convoca a l&#8221;Assemblea General Ordin\u00e0ria que tindr\u00e0 lloc a la sala d\u2019actes de l\u2019INS Narc\u00eds Monturiol, el dimarts 20 de desembre de 2016, a les 18.30 hores en primera convocat\u00f2ria i a les 19.00 hores en segona&hellip;  <a href=\"https:\/\/agora.xtec.cat\/iesnarcismonturiol\/general\/20-de-desembre-assemblea-de-lampa-participa\/\" title=\"Read 20 de desembre Assemblea de l&#8217;AMPA. Participa!\">Llegeix m\u00e9s\u00bb<\/a><\/p>\n","protected":false},"author":5,"featured_media":4542,"comment_status":"closed","ping_status":"closed","sticky":false,"template":"","format":"standard","meta":{"_bbp_topic_count":0,"_bbp_reply_count":0,"_bbp_total_topic_count":0,"_bbp_total_reply_count":0,"_bbp_voice_count":0,"_bbp_anonymous_reply_count":0,"_bbp_topic_count_hidden":0,"_bbp_reply_count_hidden":0,"_bbp_forum_subforum_count":0,"footnotes":""},"categories":[1],"tags":[150],"class_list":["post-6107","post","type-post","status-publish","format-standard","has-post-thumbnail","hentry","category-general","tag-ampa"],"post_mailing_queue_ids":[],"_links":{"self":[{"href":"https:\/\/agora.xtec.cat\/iesnarcismonturiol\/wp-json\/wp\/v2\/posts\/6107","targetHints":{"allow":["GET"]}}],"collection":[{"href":"https:\/\/agora.xtec.cat\/iesnarcismonturiol\/wp-json\/wp\/v2\/posts"}],"about":[{"href":"https:\/\/agora.xtec.cat\/iesnarcismonturiol\/wp-json\/wp\/v2\/types\/post"}],"author":[{"embeddable":true,"href":"https:\/\/agora.xtec.cat\/iesnarcismonturiol\/wp-json\/wp\/v2\/users\/5"}],"replies":[{"embeddable":true,"href":"https:\/\/agora.xtec.cat\/iesnarcismonturiol\/wp-json\/wp\/v2\/comments?post=6107"}],"version-history":[{"count":0,"href":"https:\/\/agora.xtec.cat\/iesnarcismonturiol\/wp-json\/wp\/v2\/posts\/6107\/revisions"}],"wp:featuredmedia":[{"embeddable":true,"href":"https:\/\/agora.xtec.cat\/iesnarcismonturiol\/wp-json\/wp\/v2\/media\/4542"}],"wp:attachment":[{"href":"https:\/\/agora.xtec.cat\/iesnarcismonturiol\/wp-json\/wp\/v2\/media?parent=6107"}],"wp:term":[{"taxonomy":"category","embeddable":true,"href":"https:\/\/agora.xtec.cat\/iesnarcismonturiol\/wp-json\/wp\/v2\/categories?post=6107"},{"taxonomy":"post_tag","embeddable":true,"href":"https:\/\/agora.xtec.cat\/iesnarcismonturiol\/wp-json\/wp\/v2\/tags?post=6107"}],"curies":[{"name":"wp","href":"https:\/\/api.w.org\/{rel}","templated":true}]}}