{"id":6073,"date":"2016-11-04T10:13:22","date_gmt":"2016-11-04T10:13:22","guid":{"rendered":"http:\/\/insmonturiol.cat\/la-placa-del-diamant-2n-de-batxillerat-al-sat"},"modified":"2016-11-04T10:13:22","modified_gmt":"2016-11-04T10:13:22","slug":"la-placa-del-diamant-2n-de-batxillerat-al-sat","status":"publish","type":"post","link":"https:\/\/agora.xtec.cat\/iesnarcismonturiol\/general\/la-placa-del-diamant-2n-de-batxillerat-al-sat\/","title":{"rendered":"La Pla\u00e7a del Diamant, 2n de batxillerat al SAT"},"content":{"rendered":"<p><a href=\"http:\/\/insmonturiol.cat\/wp-content\/uploads\/2016\/11\/IMG_9681.jpg\"><img loading=\"lazy\" decoding=\"async\" class=\"aligncenter size-medium wp-image-6077\" src=\"http:\/\/insmonturiol.cat\/wp-content\/uploads\/2016\/11\/IMG_9681-300x225.jpg\" alt=\"img_9681\" width=\"300\" height=\"225\" srcset=\"https:\/\/agora.xtec.cat\/iesnarcismonturiol\/wp-content\/uploads\/usu2521\/2016\/11\/IMG_9681-300x225.jpg 300w, https:\/\/agora.xtec.cat\/iesnarcismonturiol\/wp-content\/uploads\/usu2521\/2016\/11\/IMG_9681-1024x768.jpg 1024w, https:\/\/agora.xtec.cat\/iesnarcismonturiol\/wp-content\/uploads\/usu2521\/2016\/11\/IMG_9681-768x576.jpg 768w, https:\/\/agora.xtec.cat\/iesnarcismonturiol\/wp-content\/uploads\/usu2521\/2016\/11\/IMG_9681-1536x1152.jpg 1536w, https:\/\/agora.xtec.cat\/iesnarcismonturiol\/wp-content\/uploads\/usu2521\/2016\/11\/IMG_9681-200x150.jpg 200w, https:\/\/agora.xtec.cat\/iesnarcismonturiol\/wp-content\/uploads\/usu2521\/2016\/11\/IMG_9681.jpg 1600w\" sizes=\"auto, (max-width: 300px) 100vw, 300px\" \/><\/a><\/p>\n<p>El dijous 3 de novembre els alumnes de segon de batxillerat hem assistit al SAT Teatre, inaugurat l&#8217;any 1990, per veure la funci\u00f3 de l&#8217;adaptaci\u00f3 al teatre de la novel\u00b7la &#8220;la pla\u00e7a del diamant&#8221; de Merc\u00e8 Rodoreda. Una obra catalana sobre la vida de la Nat\u00e0lia, una noia durant la postguerra.<\/p>\n<p>Yizheng, 2n de batxillerat<\/p>\n<p><a href=\"http:\/\/insmonturiol.cat\/wp-content\/uploads\/2016\/11\/IMG_9675.jpg\"><img loading=\"lazy\" decoding=\"async\" class=\"aligncenter size-medium wp-image-6074\" src=\"http:\/\/insmonturiol.cat\/wp-content\/uploads\/2016\/11\/IMG_9675-300x225.jpg\" alt=\"img_9675\" width=\"300\" height=\"225\" srcset=\"https:\/\/agora.xtec.cat\/iesnarcismonturiol\/wp-content\/uploads\/usu2521\/2016\/11\/IMG_9675-300x225.jpg 300w, https:\/\/agora.xtec.cat\/iesnarcismonturiol\/wp-content\/uploads\/usu2521\/2016\/11\/IMG_9675-1024x768.jpg 1024w, https:\/\/agora.xtec.cat\/iesnarcismonturiol\/wp-content\/uploads\/usu2521\/2016\/11\/IMG_9675-768x576.jpg 768w, https:\/\/agora.xtec.cat\/iesnarcismonturiol\/wp-content\/uploads\/usu2521\/2016\/11\/IMG_9675-1536x1152.jpg 1536w, https:\/\/agora.xtec.cat\/iesnarcismonturiol\/wp-content\/uploads\/usu2521\/2016\/11\/IMG_9675-200x150.jpg 200w, https:\/\/agora.xtec.cat\/iesnarcismonturiol\/wp-content\/uploads\/usu2521\/2016\/11\/IMG_9675.jpg 2016w\" sizes=\"auto, (max-width: 300px) 100vw, 300px\" \/><\/a>44<\/p>\n","protected":false},"excerpt":{"rendered":"<p><a href=\"http:\/\/insmonturiol.cat\/wp-content\/uploads\/2016\/11\/IMG_9681.jpg\"><\/a><br \/>\nEl dijous 3 de novembre els alumnes de segon de batxillerat hem assistit al SAT Teatre, inaugurat l&#8217;any 1990, per veure la funci\u00f3 de l&#8217;adaptaci\u00f3 al teatre de la novel\u00b7la &#8220;la pla\u00e7a del diamant&#8221; de Merc\u00e8 Rodoreda. Una obra catalana sobre la vida de&hellip;  <a href=\"https:\/\/agora.xtec.cat\/iesnarcismonturiol\/general\/la-placa-del-diamant-2n-de-batxillerat-al-sat\/\" title=\"Read La Pla\u00e7a del Diamant, 2n de batxillerat al SAT\">Llegeix m\u00e9s\u00bb<\/a><\/p>\n","protected":false},"author":5,"featured_media":6078,"comment_status":"closed","ping_status":"closed","sticky":false,"template":"","format":"standard","meta":{"_bbp_topic_count":0,"_bbp_reply_count":0,"_bbp_total_topic_count":0,"_bbp_total_reply_count":0,"_bbp_voice_count":0,"_bbp_anonymous_reply_count":0,"_bbp_topic_count_hidden":0,"_bbp_reply_count_hidden":0,"_bbp_forum_subforum_count":0,"footnotes":""},"categories":[121,1],"tags":[245,40],"class_list":["post-6073","post","type-post","status-publish","format-standard","has-post-thumbnail","hentry","category-catala","category-general","tag-literatura","tag-teatre"],"post_mailing_queue_ids":[],"_links":{"self":[{"href":"https:\/\/agora.xtec.cat\/iesnarcismonturiol\/wp-json\/wp\/v2\/posts\/6073","targetHints":{"allow":["GET"]}}],"collection":[{"href":"https:\/\/agora.xtec.cat\/iesnarcismonturiol\/wp-json\/wp\/v2\/posts"}],"about":[{"href":"https:\/\/agora.xtec.cat\/iesnarcismonturiol\/wp-json\/wp\/v2\/types\/post"}],"author":[{"embeddable":true,"href":"https:\/\/agora.xtec.cat\/iesnarcismonturiol\/wp-json\/wp\/v2\/users\/5"}],"replies":[{"embeddable":true,"href":"https:\/\/agora.xtec.cat\/iesnarcismonturiol\/wp-json\/wp\/v2\/comments?post=6073"}],"version-history":[{"count":0,"href":"https:\/\/agora.xtec.cat\/iesnarcismonturiol\/wp-json\/wp\/v2\/posts\/6073\/revisions"}],"wp:featuredmedia":[{"embeddable":true,"href":"https:\/\/agora.xtec.cat\/iesnarcismonturiol\/wp-json\/wp\/v2\/media\/6078"}],"wp:attachment":[{"href":"https:\/\/agora.xtec.cat\/iesnarcismonturiol\/wp-json\/wp\/v2\/media?parent=6073"}],"wp:term":[{"taxonomy":"category","embeddable":true,"href":"https:\/\/agora.xtec.cat\/iesnarcismonturiol\/wp-json\/wp\/v2\/categories?post=6073"},{"taxonomy":"post_tag","embeddable":true,"href":"https:\/\/agora.xtec.cat\/iesnarcismonturiol\/wp-json\/wp\/v2\/tags?post=6073"}],"curies":[{"name":"wp","href":"https:\/\/api.w.org\/{rel}","templated":true}]}}