{"id":6070,"date":"2016-10-13T21:11:28","date_gmt":"2016-10-13T21:11:28","guid":{"rendered":"http:\/\/insmonturiol.cat\/casal-davis-de-la-vall-dhebron-3r-deso-a-la-trobada-intergeneracional"},"modified":"2016-10-13T21:11:28","modified_gmt":"2016-10-13T21:11:28","slug":"casal-davis-de-la-vall-dhebron-3r-deso-a-la-trobada-intergeneracional","status":"publish","type":"post","link":"https:\/\/agora.xtec.cat\/iesnarcismonturiol\/general\/casal-davis-de-la-vall-dhebron-3r-deso-a-la-trobada-intergeneracional\/","title":{"rendered":"Casal d&#8217;avis de la Vall d&#8217;Hebron, 3r d&#8217;ESO a la trobada Intergeneracional."},"content":{"rendered":"<p>L&#8217;alumnat de 3r d&#8217;ESO hem fet una activitat amb els avis i les \u00e0vies del Casal d\u2019avis de la Vall d\u2019 Hebron. El tema de la sortida ha sigut una trobada amb la gent gran del Casal i parlar en grups d&#8217;avis voluntaris i l&#8217;alumnat de 3r del nostre centre de com veiem joves i grans l\u2019 orientaci\u00f3 sexual de les persones i com es respecten. La part que m&#8217;ha semblat m\u00e9s interessant ha sigut con\u00e8ixer que la gent gran, s\u2019 havien criat en una \u00e8poca en la que la homosexualitat estava mal vista; no com nosaltres, que hem nascut a un moment on aquesta orientacions estan acceptades per la majoria de gent. En definitiva, la sortida m&#8217;ha agradat molt ja que hem pogut con\u00e8ixer i parlar amb la gent gran de les diverses formes de veure les orientacions sexuals i de com a pesar de la difer\u00e8ncia d&#8217;edat tenim moltes coses que explicar i que ens expliquin els m\u00e9s grans.<\/p>\n<p>Gerard, 3r d&#8217;ESO<\/p>\n","protected":false},"excerpt":{"rendered":"<p>L&#8217;alumnat de 3r d&#8217;ESO hem fet una activitat amb els avis i les \u00e0vies del Casal d\u2019avis de la Vall d\u2019 Hebron. El tema de la sortida ha sigut una trobada amb la gent gran del Casal i parlar en grups d&#8217;avis voluntaris i l&#8217;alumnat&hellip;  <a href=\"https:\/\/agora.xtec.cat\/iesnarcismonturiol\/general\/casal-davis-de-la-vall-dhebron-3r-deso-a-la-trobada-intergeneracional\/\" title=\"Read Casal d&#8217;avis de la Vall d&#8217;Hebron, 3r d&#8217;ESO a la trobada Intergeneracional.\">Llegeix m\u00e9s\u00bb<\/a><\/p>\n","protected":false},"author":5,"featured_media":6072,"comment_status":"open","ping_status":"open","sticky":false,"template":"","format":"standard","meta":{"_bbp_topic_count":0,"_bbp_reply_count":0,"_bbp_total_topic_count":0,"_bbp_total_reply_count":0,"_bbp_voice_count":0,"_bbp_anonymous_reply_count":0,"_bbp_topic_count_hidden":0,"_bbp_reply_count_hidden":0,"_bbp_forum_subforum_count":0,"footnotes":""},"categories":[1],"tags":[207,303,318],"class_list":["post-6070","post","type-post","status-publish","format-standard","has-post-thumbnail","hentry","category-general","tag-entorn","tag-solidaritat","tag-tutoria"],"post_mailing_queue_ids":[],"_links":{"self":[{"href":"https:\/\/agora.xtec.cat\/iesnarcismonturiol\/wp-json\/wp\/v2\/posts\/6070","targetHints":{"allow":["GET"]}}],"collection":[{"href":"https:\/\/agora.xtec.cat\/iesnarcismonturiol\/wp-json\/wp\/v2\/posts"}],"about":[{"href":"https:\/\/agora.xtec.cat\/iesnarcismonturiol\/wp-json\/wp\/v2\/types\/post"}],"author":[{"embeddable":true,"href":"https:\/\/agora.xtec.cat\/iesnarcismonturiol\/wp-json\/wp\/v2\/users\/5"}],"replies":[{"embeddable":true,"href":"https:\/\/agora.xtec.cat\/iesnarcismonturiol\/wp-json\/wp\/v2\/comments?post=6070"}],"version-history":[{"count":0,"href":"https:\/\/agora.xtec.cat\/iesnarcismonturiol\/wp-json\/wp\/v2\/posts\/6070\/revisions"}],"wp:featuredmedia":[{"embeddable":true,"href":"https:\/\/agora.xtec.cat\/iesnarcismonturiol\/wp-json\/wp\/v2\/media\/6072"}],"wp:attachment":[{"href":"https:\/\/agora.xtec.cat\/iesnarcismonturiol\/wp-json\/wp\/v2\/media?parent=6070"}],"wp:term":[{"taxonomy":"category","embeddable":true,"href":"https:\/\/agora.xtec.cat\/iesnarcismonturiol\/wp-json\/wp\/v2\/categories?post=6070"},{"taxonomy":"post_tag","embeddable":true,"href":"https:\/\/agora.xtec.cat\/iesnarcismonturiol\/wp-json\/wp\/v2\/tags?post=6070"}],"curies":[{"name":"wp","href":"https:\/\/api.w.org\/{rel}","templated":true}]}}