{"id":6010,"date":"2016-10-13T20:08:29","date_gmt":"2016-10-13T20:08:29","guid":{"rendered":"http:\/\/insmonturiol.cat\/treball-per-projectes-1r-deso-al-laberint"},"modified":"2016-10-13T20:08:29","modified_gmt":"2016-10-13T20:08:29","slug":"treball-per-projectes-1r-deso-al-laberint","status":"publish","type":"post","link":"https:\/\/agora.xtec.cat\/iesnarcismonturiol\/general\/treball-per-projectes-1r-deso-al-laberint\/","title":{"rendered":"Treball per Projectes: 1r d&#8217;ESO al Laberint"},"content":{"rendered":"<p>L&#8217;alumnat de 1r d&#8217;ESO ha visitat els jardins del Laberint d&#8217;Horta, aquesta \u00e9s una activitat dins dels Treball per Projectes que estan realitzant. El coneixement de l&#8217;entorn, els diferents tipus de Jardins, la mitologia amb Ariadna i Teseu \u00a0o la Geometria s\u00f3n alguns dels camps que l&#8217;alumnat treballa. La Paula i en Dani, delegats web del 1r ESO A ens explica com ha anat l&#8217;activitat: La Paula el text i en Dani les fotografies.<a href=\"http:\/\/insmonturiol.cat\/wp-content\/uploads\/2016\/10\/DSCN7008.jpg\"><img loading=\"lazy\" decoding=\"async\" class=\"aligncenter size-medium wp-image-6016\" src=\"http:\/\/insmonturiol.cat\/wp-content\/uploads\/2016\/10\/DSCN7008-300x225.jpg\" alt=\"dscn7008\" width=\"300\" height=\"225\" srcset=\"https:\/\/agora.xtec.cat\/iesnarcismonturiol\/wp-content\/uploads\/usu2521\/2016\/10\/DSCN7008-300x225.jpg 300w, https:\/\/agora.xtec.cat\/iesnarcismonturiol\/wp-content\/uploads\/usu2521\/2016\/10\/DSCN7008-1024x768.jpg 1024w, https:\/\/agora.xtec.cat\/iesnarcismonturiol\/wp-content\/uploads\/usu2521\/2016\/10\/DSCN7008-768x576.jpg 768w, https:\/\/agora.xtec.cat\/iesnarcismonturiol\/wp-content\/uploads\/usu2521\/2016\/10\/DSCN7008-1536x1152.jpg 1536w, https:\/\/agora.xtec.cat\/iesnarcismonturiol\/wp-content\/uploads\/usu2521\/2016\/10\/DSCN7008-2048x1536.jpg 2048w, https:\/\/agora.xtec.cat\/iesnarcismonturiol\/wp-content\/uploads\/usu2521\/2016\/10\/DSCN7008-200x150.jpg 200w\" sizes=\"auto, (max-width: 300px) 100vw, 300px\" \/><\/a><\/p>\n<p>Avui dijous dia 13 l&#8217;alumnat de 1r d&#8217;ESO hem anat al Parc del Laberint.<br \/>\nAbans de sortir de l&#8217;Institut, els <span class=\"hiddenSpellError\">profes<\/span> ens han donat un mapa del parc, amb els noms dels principals llocs on hav\u00edem d&#8217;anar i ens han dividit en grups de quatre persones.<br \/>\nHem arribat al parc, i com que havia plogut no hi havia quasi ning\u00fa i estava tot ple de fang. Cada grup ha comen\u00e7at per un lloc diferent. Seguint el mapa, hem arribat cada grup al lloc corresponent. All\u00e0 hem fet un dibuix del paisatge i una petita redacci\u00f3. Hem continuat el recorregut per tot el parc.<br \/>\nA cada lloc marcat al mapa hem fet dues fotografies, una general al paisatge i una altra a alguna cosa que ens ha cridat m\u00e9s l&#8217;atenci\u00f3. Aix\u00ed ha sigut una manera bonica de visitar el parc.<br \/>\nUn cop hem acabat amb aquesta activitat, ens hem reunit en el punt de quedada i hem anat a fer el laberint. Ens hem agafat tots de les mans, formant una cadena i quan hem trobat el cam\u00ed hem gravat tot el recorregut des del centre del laberint <span class=\"hiddenGrammarError\" style=\"padding-bottom: 2px; background-image: url('..\/..\/..\/..\/..\/images\/squiggle.png'); background-repeat: repeat-x; background-position: left bottom; cursor: default; color: #666666; font-family: 'Open Sans', Helvetica, Arial, sans-serif; font-size: 16px; font-style: normal; font-variant-ligatures: normal; font-variant-caps: normal; font-weight: 300; letter-spacing: normal; orphans: 2; text-align: start; text-indent: 0px; text-transform: none; white-space: normal; widows: 2; word-spacing: 0px; -webkit-text-stroke-width: 0px;\">fins<\/span>\u00a0a la sortida.<\/p>\n<p>Ens ho hem passat genial,<\/p>\n<p><a href=\"http:\/\/insmonturiol.cat\/wp-content\/uploads\/2016\/10\/DSCN6954.jpg\"><img loading=\"lazy\" decoding=\"async\" class=\"aligncenter size-medium wp-image-6017\" src=\"http:\/\/insmonturiol.cat\/wp-content\/uploads\/2016\/10\/DSCN6954-300x225.jpg\" alt=\"dscn6954\" width=\"300\" height=\"225\" srcset=\"https:\/\/agora.xtec.cat\/iesnarcismonturiol\/wp-content\/uploads\/usu2521\/2016\/10\/DSCN6954-300x225.jpg 300w, https:\/\/agora.xtec.cat\/iesnarcismonturiol\/wp-content\/uploads\/usu2521\/2016\/10\/DSCN6954-1024x768.jpg 1024w, https:\/\/agora.xtec.cat\/iesnarcismonturiol\/wp-content\/uploads\/usu2521\/2016\/10\/DSCN6954-768x576.jpg 768w, https:\/\/agora.xtec.cat\/iesnarcismonturiol\/wp-content\/uploads\/usu2521\/2016\/10\/DSCN6954-1536x1152.jpg 1536w, https:\/\/agora.xtec.cat\/iesnarcismonturiol\/wp-content\/uploads\/usu2521\/2016\/10\/DSCN6954-2048x1536.jpg 2048w, https:\/\/agora.xtec.cat\/iesnarcismonturiol\/wp-content\/uploads\/usu2521\/2016\/10\/DSCN6954-200x150.jpg 200w\" sizes=\"auto, (max-width: 300px) 100vw, 300px\" \/><\/a><\/p>\n","protected":false},"excerpt":{"rendered":"<p>L&#8217;alumnat de 1r d&#8217;ESO ha visitat els jardins del Laberint d&#8217;Horta, aquesta \u00e9s una activitat dins dels Treball per Projectes que estan realitzant. El coneixement de l&#8217;entorn, els diferents tipus de Jardins, la mitologia amb Ariadna i Teseu \u00a0o la Geometria s\u00f3n alguns dels camps&hellip;  <a href=\"https:\/\/agora.xtec.cat\/iesnarcismonturiol\/general\/treball-per-projectes-1r-deso-al-laberint\/\" title=\"Read Treball per Projectes: 1r d&#8217;ESO al Laberint\">Llegeix m\u00e9s\u00bb<\/a><\/p>\n","protected":false},"author":5,"featured_media":6015,"comment_status":"closed","ping_status":"closed","sticky":false,"template":"","format":"standard","meta":{"_bbp_topic_count":0,"_bbp_reply_count":0,"_bbp_total_topic_count":0,"_bbp_total_reply_count":0,"_bbp_voice_count":0,"_bbp_anonymous_reply_count":0,"_bbp_topic_count_hidden":0,"_bbp_reply_count_hidden":0,"_bbp_forum_subforum_count":0,"footnotes":""},"categories":[123,128,1,131],"tags":[155,313],"class_list":["post-6010","post","type-post","status-publish","format-standard","has-post-thumbnail","hentry","category-ciencies-socials","category-expressio","category-general","category-matematiques-economia","tag-aprenentatge-actiu","tag-treball-per-projectes"],"post_mailing_queue_ids":[],"_links":{"self":[{"href":"https:\/\/agora.xtec.cat\/iesnarcismonturiol\/wp-json\/wp\/v2\/posts\/6010","targetHints":{"allow":["GET"]}}],"collection":[{"href":"https:\/\/agora.xtec.cat\/iesnarcismonturiol\/wp-json\/wp\/v2\/posts"}],"about":[{"href":"https:\/\/agora.xtec.cat\/iesnarcismonturiol\/wp-json\/wp\/v2\/types\/post"}],"author":[{"embeddable":true,"href":"https:\/\/agora.xtec.cat\/iesnarcismonturiol\/wp-json\/wp\/v2\/users\/5"}],"replies":[{"embeddable":true,"href":"https:\/\/agora.xtec.cat\/iesnarcismonturiol\/wp-json\/wp\/v2\/comments?post=6010"}],"version-history":[{"count":0,"href":"https:\/\/agora.xtec.cat\/iesnarcismonturiol\/wp-json\/wp\/v2\/posts\/6010\/revisions"}],"wp:featuredmedia":[{"embeddable":true,"href":"https:\/\/agora.xtec.cat\/iesnarcismonturiol\/wp-json\/wp\/v2\/media\/6015"}],"wp:attachment":[{"href":"https:\/\/agora.xtec.cat\/iesnarcismonturiol\/wp-json\/wp\/v2\/media?parent=6010"}],"wp:term":[{"taxonomy":"category","embeddable":true,"href":"https:\/\/agora.xtec.cat\/iesnarcismonturiol\/wp-json\/wp\/v2\/categories?post=6010"},{"taxonomy":"post_tag","embeddable":true,"href":"https:\/\/agora.xtec.cat\/iesnarcismonturiol\/wp-json\/wp\/v2\/tags?post=6010"}],"curies":[{"name":"wp","href":"https:\/\/api.w.org\/{rel}","templated":true}]}}