{"id":5999,"date":"2016-09-29T13:49:13","date_gmt":"2016-09-29T13:49:13","guid":{"rendered":"http:\/\/insmonturiol.cat\/a-1r-de-batxillerat-fem-vela"},"modified":"2016-09-29T13:49:13","modified_gmt":"2016-09-29T13:49:13","slug":"a-1r-de-batxillerat-fem-vela","status":"publish","type":"post","link":"https:\/\/agora.xtec.cat\/iesnarcismonturiol\/expressio\/a-1r-de-batxillerat-fem-vela\/","title":{"rendered":"A 1r de batxillerat fem Vela!"},"content":{"rendered":"<p>El dimecres 28 de setembre els alumnes de 1r de Batxillerat van fer la fant\u00e0stica sortida a la Mar Bella.\u00a0 Els alumnes van fer un tast d\u2019activitats aqu\u00e0tiques: rem, caiac, windsurf,\u00a0 catamar\u00e0 i tamb\u00e9 van jugar a v\u00f2lei-platja.\u00a0 Van gaudir de l\u2019experi\u00e8ncia, van aprendre alguns conceptes i pr\u00e0ctiques relacionades amb aquestes activitats, van acabar coneixent-se millor i a m\u00e9s s\u2019ho van passar molt b\u00e9.<\/p>\n<p>Tot aix\u00f2 va ser acompanyat d\u2019un gran dia assolellat per a poder fer les activitats.<\/p>\n<p>Jordi Albiol, professor d&#8217;Educaci\u00f3 F\u00edsica<a href=\"http:\/\/insmonturiol.cat\/wp-content\/uploads\/2016\/10\/2016-09-28-PHOTO-00000036.jpg\"><img loading=\"lazy\" decoding=\"async\" class=\"aligncenter size-medium wp-image-6000\" src=\"http:\/\/insmonturiol.cat\/wp-content\/uploads\/2016\/10\/2016-09-28-PHOTO-00000036-300x169.jpg\" alt=\"2016-09-28-photo-00000036\" width=\"300\" height=\"169\" srcset=\"https:\/\/agora.xtec.cat\/iesnarcismonturiol\/wp-content\/uploads\/usu2521\/2016\/10\/2016-09-28-PHOTO-00000036-300x169.jpg 300w, https:\/\/agora.xtec.cat\/iesnarcismonturiol\/wp-content\/uploads\/usu2521\/2016\/10\/2016-09-28-PHOTO-00000036-1024x576.jpg 1024w, https:\/\/agora.xtec.cat\/iesnarcismonturiol\/wp-content\/uploads\/usu2521\/2016\/10\/2016-09-28-PHOTO-00000036-768x432.jpg 768w, https:\/\/agora.xtec.cat\/iesnarcismonturiol\/wp-content\/uploads\/usu2521\/2016\/10\/2016-09-28-PHOTO-00000036-1536x864.jpg 1536w, https:\/\/agora.xtec.cat\/iesnarcismonturiol\/wp-content\/uploads\/usu2521\/2016\/10\/2016-09-28-PHOTO-00000036.jpg 1599w\" sizes=\"auto, (max-width: 300px) 100vw, 300px\" \/><\/a><\/p>\n<p>&nbsp;<\/p>\n","protected":false},"excerpt":{"rendered":"<p>El dimecres 28 de setembre els alumnes de 1r de Batxillerat van fer la fant\u00e0stica sortida a la Mar Bella.\u00a0 Els alumnes van fer un tast d\u2019activitats aqu\u00e0tiques: rem, caiac, windsurf,\u00a0 catamar\u00e0 i tamb\u00e9 van jugar a v\u00f2lei-platja.\u00a0 Van gaudir de l\u2019experi\u00e8ncia, van aprendre alguns&hellip;  <a href=\"https:\/\/agora.xtec.cat\/iesnarcismonturiol\/expressio\/a-1r-de-batxillerat-fem-vela\/\" title=\"Read A 1r de batxillerat fem Vela!\">Llegeix m\u00e9s\u00bb<\/a><\/p>\n","protected":false},"author":5,"featured_media":6001,"comment_status":"closed","ping_status":"closed","sticky":false,"template":"","format":"standard","meta":{"_bbp_topic_count":0,"_bbp_reply_count":0,"_bbp_total_topic_count":0,"_bbp_total_reply_count":0,"_bbp_voice_count":0,"_bbp_anonymous_reply_count":0,"_bbp_topic_count_hidden":0,"_bbp_reply_count_hidden":0,"_bbp_forum_subforum_count":0,"footnotes":""},"categories":[128],"tags":[202,318,320],"class_list":["post-5999","post","type-post","status-publish","format-standard","has-post-thumbnail","hentry","category-expressio","tag-educacio-fisica","tag-tutoria","tag-vela"],"post_mailing_queue_ids":[],"_links":{"self":[{"href":"https:\/\/agora.xtec.cat\/iesnarcismonturiol\/wp-json\/wp\/v2\/posts\/5999","targetHints":{"allow":["GET"]}}],"collection":[{"href":"https:\/\/agora.xtec.cat\/iesnarcismonturiol\/wp-json\/wp\/v2\/posts"}],"about":[{"href":"https:\/\/agora.xtec.cat\/iesnarcismonturiol\/wp-json\/wp\/v2\/types\/post"}],"author":[{"embeddable":true,"href":"https:\/\/agora.xtec.cat\/iesnarcismonturiol\/wp-json\/wp\/v2\/users\/5"}],"replies":[{"embeddable":true,"href":"https:\/\/agora.xtec.cat\/iesnarcismonturiol\/wp-json\/wp\/v2\/comments?post=5999"}],"version-history":[{"count":0,"href":"https:\/\/agora.xtec.cat\/iesnarcismonturiol\/wp-json\/wp\/v2\/posts\/5999\/revisions"}],"wp:featuredmedia":[{"embeddable":true,"href":"https:\/\/agora.xtec.cat\/iesnarcismonturiol\/wp-json\/wp\/v2\/media\/6001"}],"wp:attachment":[{"href":"https:\/\/agora.xtec.cat\/iesnarcismonturiol\/wp-json\/wp\/v2\/media?parent=5999"}],"wp:term":[{"taxonomy":"category","embeddable":true,"href":"https:\/\/agora.xtec.cat\/iesnarcismonturiol\/wp-json\/wp\/v2\/categories?post=5999"},{"taxonomy":"post_tag","embeddable":true,"href":"https:\/\/agora.xtec.cat\/iesnarcismonturiol\/wp-json\/wp\/v2\/tags?post=5999"}],"curies":[{"name":"wp","href":"https:\/\/api.w.org\/{rel}","templated":true}]}}