{"id":5837,"date":"2016-06-30T16:42:08","date_gmt":"2016-06-30T16:42:08","guid":{"rendered":"http:\/\/insmonturiol.cat\/feines-destiu-curs-2015-2016"},"modified":"2016-06-30T16:42:08","modified_gmt":"2016-06-30T16:42:08","slug":"feines-destiu-curs-2015-2016","status":"publish","type":"post","link":"https:\/\/agora.xtec.cat\/iesnarcismonturiol\/general\/feines-destiu-curs-2015-2016\/","title":{"rendered":"FEINES D&#8217;ESTIU CURS 2015-2016"},"content":{"rendered":"<p>A continuaci\u00f3 trobareu les feines d&#8217;estiu dels diferents cursos i mat\u00e8ries. Algunes assignatures recomanen tasques que us serviran per estar m\u00e9s ben preparats de cara al curs vinent.<\/p>\n<p>Tots aquells que teniu mat\u00e8ries pendents per Setembre RECORDEU: Cal presentar la feina d&#8217;estiu el dia de les proves de Setembre.<\/p>\n<p style=\"text-align: center;\"><span style=\"text-decoration: underline;\"><strong><span style=\"color: #00ff00; text-decoration: underline;\">FEINES ESTIU 1r d&#8217;ESO<\/span><\/strong><\/span><\/p>\n<p><a href=\"http:\/\/insmonturiol.cat\/wp-content\/uploads\/2016\/06\/ANGLES-1r-ESO.pdf\">ANGLES 1r ESO<\/a><\/p>\n<p><a href=\"http:\/\/insmonturiol.cat\/wp-content\/uploads\/2016\/06\/CIENCIES-NATURALS-1r-ESO.pdf\">CIENCIES NATURALS 1r ESO<\/a><\/p>\n<p><a href=\"http:\/\/insmonturiol.cat\/wp-content\/uploads\/2016\/06\/CIENCIES-SOCIALS-1r-ESO.pdf\">CIENCIES SOCIALS 1r ESO<\/a><\/p>\n<p><a href=\"http:\/\/insmonturiol.cat\/wp-content\/uploads\/2016\/06\/EDUCACIO-VISUAL-I-PLASTICA-1r-ESO-INSTRUCCIONS.pdf\">EDUCACIO VISUAL I PLASTICA 1r ESO INSTRUCCIONS<\/a><\/p>\n<p><a href=\"http:\/\/insmonturiol.cat\/wp-content\/uploads\/2016\/06\/EDUCACIO-VISUAL-I-PLASTICA-1r-ESO-exercici-1.pdf\">EDUCACIO VISUAL I PLASTICA 1r ESO exercici 1<\/a>\u00a0<a href=\"http:\/\/insmonturiol.cat\/wp-content\/uploads\/2016\/06\/EDUCACIO-VISUAL-I-PLASTICA-1r-ESO-exercici-2.pdf\">EDUCACIO VISUAL I PLASTICA 1r ESO exercici 2<\/a><\/p>\n<p><a href=\"http:\/\/insmonturiol.cat\/wp-content\/uploads\/2016\/06\/FRANCES-1r-ESO.pdf\">FRANCES 1r ESO<\/a> <a href=\"http:\/\/insmonturiol.cat\/wp-content\/uploads\/2016\/06\/FRANCES-1r-ESO-RECOMANAT.pdf\">FRANCES 1r ESO RECOMANAT<\/a><\/p>\n<p><a href=\"http:\/\/insmonturiol.cat\/wp-content\/uploads\/2016\/06\/LLENGUA-CASTELLANA-1r-ESO.pdf\">LLENGUA CASTELLANA 1r ESO<\/a><\/p>\n<p><a href=\"http:\/\/insmonturiol.cat\/wp-content\/uploads\/2016\/06\/LLENGUA-CATALANA-1r-ESO.pdf\">LLENGUA CATALANA 1r ESO<\/a><\/p>\n<p><a href=\"http:\/\/insmonturiol.cat\/wp-content\/uploads\/2016\/06\/MATEMATIQUES-1r-ESO-GRUP-REFOR\u00c7.pdf\">MATEMATIQUES 1r ESO GRUP REFOR\u00c7<\/a><\/p>\n<p><a href=\"http:\/\/insmonturiol.cat\/wp-content\/uploads\/2016\/06\/MATEMATIQUES-1r-ESO.pdf\">MATEMATIQUES 1r ESO<\/a><\/p>\n<p><a href=\"http:\/\/insmonturiol.cat\/wp-content\/uploads\/2016\/06\/MUSICA-1r-ESO.pdf\">MUSICA 1r ESO<\/a><\/p>\n<p><a href=\"http:\/\/insmonturiol.cat\/wp-content\/uploads\/2016\/06\/TECNOLOGIA-1r-ESO.pdf\">TECNOLOGIA 1r ESO<\/a><\/p>\n<p style=\"text-align: center;\"><span style=\"color: #339966; text-decoration: underline;\"><strong>FEINES D&#8217;ESTIU 2n d&#8217;ESO<\/strong><\/span><\/p>\n<p><a href=\"http:\/\/insmonturiol.cat\/wp-content\/uploads\/2016\/06\/ANGLES-2n-ESO.pdf\">ANGLES 2n ESO<\/a><\/p>\n<p><a href=\"http:\/\/insmonturiol.cat\/wp-content\/uploads\/2016\/06\/CIENCIES-NATURALS-2n-ESO.pdf\">CIENCIES NATURALS 2n ESO<\/a><\/p>\n<p><a href=\"http:\/\/insmonturiol.cat\/wp-content\/uploads\/2016\/06\/CIENCIES-SOCIALS-2n-ESO.pdf\">CIENCIES SOCIALS 2n ESO<\/a><\/p>\n<p><a href=\"http:\/\/insmonturiol.cat\/wp-content\/uploads\/2016\/06\/CIENCIES-SOCIALS-2n-ESO-recomanat-per-preparar-3r-dESO.pdf\">CIENCIES SOCIALS 2n ESO recomanat per preparar 3r d&#8217;ESO<\/a><\/p>\n<p><a href=\"http:\/\/insmonturiol.cat\/wp-content\/uploads\/2015\/06\/Dibuix-deures-destiu.pdf\">Dibuix deures d&#8217;estiu<\/a><\/p>\n<p><a href=\"http:\/\/insmonturiol.cat\/wp-content\/uploads\/2016\/06\/EDUCACIO-FISICA-2n-ESO.pdf\">EDUCACIO FISICA 2n ESO<\/a><\/p>\n<p><a href=\"http:\/\/insmonturiol.cat\/wp-content\/uploads\/2016\/06\/FRANCES-2n-ESO-RECOMANAT.pdf\">FRANCES 2n ESO RECOMANAT<\/a><\/p>\n<p><a href=\"http:\/\/insmonturiol.cat\/wp-content\/uploads\/2016\/06\/LLENGUA-CASTELLANA-2n-ESO.pdf\">LLENGUA CASTELLANA 2n ESO<\/a><\/p>\n<p><a href=\"http:\/\/insmonturiol.cat\/wp-content\/uploads\/2016\/06\/LLENGUA-CATALANA-2n-ESO.pdf\">LLENGUA CATALANA 2n ESO<\/a><\/p>\n<p><a href=\"http:\/\/insmonturiol.cat\/wp-content\/uploads\/2016\/06\/MATEMATIQUES-2n-ESO.pdf\">MATEMATIQUES 2n ESO<\/a><\/p>\n<p><a href=\"http:\/\/insmonturiol.cat\/wp-content\/uploads\/2016\/06\/TECNOLOGIA-2n-ESO.pdf\">TECNOLOGIA 2n ESO<\/a><\/p>\n<p style=\"text-align: center;\"><span style=\"text-decoration: underline;\"><strong><span style=\"color: #ff6600; text-decoration: underline;\">FEINES D&#8217;ESTIU<\/span><span style=\"color: #ff6600; text-decoration: underline;\"> 3r d&#8217;ESO<\/span><\/strong><\/span><\/p>\n<p><a href=\"http:\/\/insmonturiol.cat\/wp-content\/uploads\/2016\/06\/ANGLES-3r-ESO.pdf\">ANGLES 3r ESO<\/a><\/p>\n<p><a href=\"http:\/\/insmonturiol.cat\/wp-content\/uploads\/2016\/06\/CIENCIES-NATURALS-3r-ESO.pdf\">CIENCIES NATURALS 3r ESO<\/a><\/p>\n<p><a href=\"http:\/\/insmonturiol.cat\/wp-content\/uploads\/2016\/06\/CIENCIES-SOCIALS-3r-ESO.pdf\">CIENCIES SOCIALS 3r ESO<\/a><\/p>\n<p><a href=\"http:\/\/insmonturiol.cat\/wp-content\/uploads\/2016\/06\/CIENCIES-SOCIALS-3r-ESO-recomanat-per-preparar-4t-eso.pdf\">CIENCIES SOCIALS 3r ESO recomanat per preparar 4t eso<\/a><\/p>\n<p><a href=\"http:\/\/insmonturiol.cat\/wp-content\/uploads\/2015\/06\/Dibuix-deures-destiu.pdf\">Dibuix deures d&#8217;estiu<\/a><\/p>\n<p><a href=\"http:\/\/insmonturiol.cat\/wp-content\/uploads\/2016\/06\/FISICA-I-QUIMICA-3r-ESO.pdf\">FISICA I QUIMICA 3r ESO<\/a><\/p>\n<p><a href=\"http:\/\/insmonturiol.cat\/wp-content\/uploads\/2016\/06\/FRANCES-3r-ESO-RECOMANAT.pdf\">FRANCES 3r ESO RECOMANAT<\/a><\/p>\n<p><a href=\"http:\/\/insmonturiol.cat\/wp-content\/uploads\/2016\/06\/FRANCES-3r-ESO.pdf\">FRANCES 3r ESO<\/a><\/p>\n<p><a href=\"http:\/\/insmonturiol.cat\/wp-content\/uploads\/2016\/06\/LLENGUA-CASTELLANA-3r-ESO.pdf\">LLENGUA CASTELLANA 3r ESO<\/a>\u00a0<span style=\"color: #ff6600;\"><a style=\"color: #ff6600;\" href=\"http:\/\/insmonturiol.cat\/wp-content\/uploads\/2016\/06\/ATENCI\u00d3-CANVI-LLENGUA-CASTELLANA-3r-ESO.pdf\">ATENCI\u00d3 CANVI LLENGUA CASTELLANA 3r ESO<\/a><\/span><\/p>\n<p><a href=\"http:\/\/insmonturiol.cat\/wp-content\/uploads\/2016\/06\/LLENGUA-CATALANA-3r-ESO.pdf\">LLENGUA CATALANA 3r ESO<\/a><\/p>\n<p><a href=\"http:\/\/insmonturiol.cat\/wp-content\/uploads\/2016\/06\/MATEMATIQUES-3r-ESO-REFOR\u00c7-PLA-INDIVIDUAL.pdf\">MATEMATIQUES 3r ESO REFOR\u00c7 PLA INDIVIDUAL<\/a><\/p>\n<p><a href=\"http:\/\/insmonturiol.cat\/wp-content\/uploads\/2016\/06\/MATEMATIQUES-3r-ESO.pdf\">MATEMATIQUES 3r ESO<\/a><\/p>\n<p><a href=\"http:\/\/insmonturiol.cat\/wp-content\/uploads\/2016\/06\/MUSICA-3r-ESO.pdf\">MUSICA 3r ESO<\/a><\/p>\n<p><a href=\"http:\/\/insmonturiol.cat\/wp-content\/uploads\/2016\/06\/TECNOLOGIA-3r-ESO.pdf\">TECNOLOGIA 3r ESO<\/a><\/p>\n<p style=\"text-align: center;\"><span style=\"color: #808000; text-decoration: underline;\"><strong>FEINES D&#8217;ESTIU 4t d&#8217;ESO<\/strong><\/span><\/p>\n<p><a href=\"http:\/\/insmonturiol.cat\/wp-content\/uploads\/2016\/06\/ANGLES-4t-ESO.pdf\">ANGLES 4t ESO<\/a><\/p>\n<p><a href=\"http:\/\/insmonturiol.cat\/wp-content\/uploads\/2016\/06\/BIOLOGIA-GEOLOGIA-4t-ESO.pdf\">BIOLOGIA GEOLOGIA 4t ESO<\/a><\/p>\n<p><a href=\"http:\/\/insmonturiol.cat\/wp-content\/uploads\/2016\/06\/CIENCIES-SOCIALS-4t-ESO-recomanat-per-preparar-1r-batxillerat.pdf\">CIENCIES SOCIALS 4t ESO recomanat per preparar 1r batxillerat<\/a><\/p>\n<p><a href=\"http:\/\/insmonturiol.cat\/wp-content\/uploads\/2015\/06\/Dibuix-deures-destiu.pdf\">Dibuix deures d&#8217;estiu<\/a><\/p>\n<p><a href=\"http:\/\/insmonturiol.cat\/wp-content\/uploads\/2016\/06\/EDUCACIO-FISICA-4t-ESO.pdf\">EDUCACIO FISICA 4t ESO<\/a><\/p>\n<p><a href=\"http:\/\/insmonturiol.cat\/wp-content\/uploads\/2016\/06\/FRANCES-4t-ESO-RECOMANAT.pdf\">FRANCES 4t ESO RECOMANAT<\/a><\/p>\n<p><a href=\"http:\/\/insmonturiol.cat\/wp-content\/uploads\/2016\/06\/LLENGUA-CASTELLANA-4t-ESO.pdf\">LLENGUA CASTELLANA 4t ESO<\/a>\u00a0<span style=\"color: #ff6600;\"><a style=\"color: #ff6600;\" href=\"http:\/\/insmonturiol.cat\/wp-content\/uploads\/2016\/06\/ATENCI\u00d3-CANVI-LLENGUA-CASTELLANA-4t-ESO.pdf\">ATENCI\u00d3 CANVI LLENGUA CASTELLANA 4t ESO<\/a><\/span><\/p>\n<p><a href=\"http:\/\/insmonturiol.cat\/wp-content\/uploads\/2016\/06\/LLENGUA-CATALANA-4t-ESO-1.pdf\">LLENGUA CATALANA 4t ESO<\/a><\/p>\n<p><a href=\"http:\/\/insmonturiol.cat\/wp-content\/uploads\/2016\/06\/MATEMATIQUES-4t-ESO-PENDENTS-RECUPERACIO.pdf\">MATEMATIQUES 4t ESO PENDENTS RECUPERACIO<\/a><\/p>\n<p><a href=\"http:\/\/insmonturiol.cat\/wp-content\/uploads\/2016\/06\/MATEMATIQUES-4t-ESO-VOLUNTARI.pdf\">MATEMATIQUES 4t ESO VOLUNTARI<\/a><\/p>\n<p><a href=\"http:\/\/insmonturiol.cat\/wp-content\/uploads\/2016\/06\/TECNOLOGIA-4t-ESO.pdf\">TECNOLOGIA 4t ESO<\/a><\/p>\n<p style=\"text-align: center;\"><span style=\"text-decoration: underline;\"><strong><span style=\"color: #800080;\">FEINES D&#8217;ESTIU 1r BATXIL<\/span><\/strong><\/span><strong><span style=\"color: #800080;\">LERAT<\/span><\/strong><\/p>\n<p><a href=\"http:\/\/insmonturiol.cat\/wp-content\/uploads\/2016\/06\/ANGLES-1r-BATXILLERAT.pdf\">ANGLES 1r BATXILLERAT<\/a><\/p>\n<p><a href=\"http:\/\/insmonturiol.cat\/wp-content\/uploads\/2016\/06\/DIBUIX-TECNIC-1r-BATXILLERAT.pdf\">DIBUIX TECNIC 1r BATXILLERAT<\/a><\/p>\n<p><a href=\"http:\/\/insmonturiol.cat\/wp-content\/uploads\/2016\/06\/GREC-1r-BATXILLERAT.pdf\">GREC 1r BATXILLERAT<\/a><\/p>\n<p><a href=\"http:\/\/insmonturiol.cat\/wp-content\/uploads\/2016\/06\/LLATII-1r-BATXILLERAT.pdf\">LLATII 1r BATXILLERAT<\/a><\/p>\n<p><a href=\"http:\/\/insmonturiol.cat\/wp-content\/uploads\/2016\/06\/LLENGIA-I-LITERATURA-CASTELLANA-1r-BATXILLERAT.pdf\">LLENGIA I LITERATURA CASTELLANA 1r BATXILLERAT<\/a><\/p>\n<p><a href=\"http:\/\/insmonturiol.cat\/wp-content\/uploads\/2016\/06\/LLENGUA-I-LITERATURA-CATALANA.pdf\">LLENGUA I LITERATURA CATALANA<\/a><\/p>\n<p><a href=\"http:\/\/insmonturiol.cat\/wp-content\/uploads\/2016\/06\/MATEM\u00c0TIQUES-1r-BATXILLERAT.pdf\">MATEM\u00c0TIQUES 1r BATXILLERAT<\/a><\/p>\n<p><a href=\"http:\/\/insmonturiol.cat\/wp-content\/uploads\/2016\/06\/MATEMATIQUES-CIENCIES-SOCIALS-1r-BATXILLERAT.pdf\">MATEMATIQUES CIENCIES SOCIALS 1r BATXILLERAT<\/a>\u00a0(atenci\u00f3 llibre antic)<\/p>\n<p><a href=\"http:\/\/insmonturiol.cat\/wp-content\/uploads\/2016\/06\/MATEM\u00c0TIQUES-CIENCIES-SOCIALS-1r-BATXILLERAT-llibre-nou.pdf\">MATEM\u00c0TIQUES CIENCIES SOCIALS 1r BATXILLERAT llibre nou<\/a><\/p>\n<p><a href=\"http:\/\/insmonturiol.cat\/wp-content\/uploads\/2016\/06\/TECNOLOGIA-INDUSTRIAL-1r-BATXILLERAT.pdf\">TECNOLOGIA INDUSTRIAL 1r BATXILLERAT<\/a><\/p>\n<p>&nbsp;<\/p>\n<p>&nbsp;<\/p>\n","protected":false},"excerpt":{"rendered":"<p>A continuaci\u00f3 trobareu les feines d&#8217;estiu dels diferents cursos i mat\u00e8ries. Algunes assignatures recomanen tasques que us serviran per estar m\u00e9s ben preparats de cara al curs vinent.<br \/>\nTots aquells que teniu mat\u00e8ries pendents per Setembre RECORDEU: Cal presentar la feina d&#8217;estiu el dia de les&hellip;  <a href=\"https:\/\/agora.xtec.cat\/iesnarcismonturiol\/general\/feines-destiu-curs-2015-2016\/\" title=\"Read FEINES D&#8217;ESTIU CURS 2015-2016\">Llegeix m\u00e9s\u00bb<\/a><\/p>\n","protected":false},"author":5,"featured_media":5219,"comment_status":"closed","ping_status":"closed","sticky":false,"template":"","format":"standard","meta":{"_bbp_topic_count":0,"_bbp_reply_count":0,"_bbp_total_topic_count":0,"_bbp_total_reply_count":0,"_bbp_voice_count":0,"_bbp_anonymous_reply_count":0,"_bbp_topic_count_hidden":0,"_bbp_reply_count_hidden":0,"_bbp_forum_subforum_count":0,"footnotes":""},"categories":[1],"tags":[],"class_list":["post-5837","post","type-post","status-publish","format-standard","has-post-thumbnail","hentry","category-general"],"post_mailing_queue_ids":[],"_links":{"self":[{"href":"https:\/\/agora.xtec.cat\/iesnarcismonturiol\/wp-json\/wp\/v2\/posts\/5837","targetHints":{"allow":["GET"]}}],"collection":[{"href":"https:\/\/agora.xtec.cat\/iesnarcismonturiol\/wp-json\/wp\/v2\/posts"}],"about":[{"href":"https:\/\/agora.xtec.cat\/iesnarcismonturiol\/wp-json\/wp\/v2\/types\/post"}],"author":[{"embeddable":true,"href":"https:\/\/agora.xtec.cat\/iesnarcismonturiol\/wp-json\/wp\/v2\/users\/5"}],"replies":[{"embeddable":true,"href":"https:\/\/agora.xtec.cat\/iesnarcismonturiol\/wp-json\/wp\/v2\/comments?post=5837"}],"version-history":[{"count":0,"href":"https:\/\/agora.xtec.cat\/iesnarcismonturiol\/wp-json\/wp\/v2\/posts\/5837\/revisions"}],"wp:featuredmedia":[{"embeddable":true,"href":"https:\/\/agora.xtec.cat\/iesnarcismonturiol\/wp-json\/wp\/v2\/media\/5219"}],"wp:attachment":[{"href":"https:\/\/agora.xtec.cat\/iesnarcismonturiol\/wp-json\/wp\/v2\/media?parent=5837"}],"wp:term":[{"taxonomy":"category","embeddable":true,"href":"https:\/\/agora.xtec.cat\/iesnarcismonturiol\/wp-json\/wp\/v2\/categories?post=5837"},{"taxonomy":"post_tag","embeddable":true,"href":"https:\/\/agora.xtec.cat\/iesnarcismonturiol\/wp-json\/wp\/v2\/tags?post=5837"}],"curies":[{"name":"wp","href":"https:\/\/api.w.org\/{rel}","templated":true}]}}