{"id":5829,"date":"2016-05-28T09:47:34","date_gmt":"2016-05-28T09:47:34","guid":{"rendered":"http:\/\/insmonturiol.cat\/alimentacio-i-nutricio-2n-deso-al-programa-menjo-de-mercat"},"modified":"2016-05-28T09:47:34","modified_gmt":"2016-05-28T09:47:34","slug":"alimentacio-i-nutricio-2n-deso-al-programa-menjo-de-mercat","status":"publish","type":"post","link":"https:\/\/agora.xtec.cat\/iesnarcismonturiol\/general\/alimentacio-i-nutricio-2n-deso-al-programa-menjo-de-mercat\/","title":{"rendered":"Alimentaci\u00f3 i nutrici\u00f3, 2n d&#8217;ESO al Programa &#8220;Menjo de Mercat&#8221;"},"content":{"rendered":"<p>L&#8217;alumnat de la assignatura de Alimentaci\u00f3 i Nutrici\u00f3 han participat en el projecte \u201cMenjo de mercat\u201d.\u00a0 Una activitat educativa per \u00a0transmetre als joves el valor d&#8217;una<strong>\u00a0<\/strong><strong>dieta equilibrada i la pr\u00e0ctica habitual de l&#8217;esport<\/strong>\u00a0per tenir una vida saludable.<\/p>\n<p>Van descobrir el valor de comprar un producte de qualitat, sa i fresc aix\u00ed com la import\u00e0ncia dels mercats en la nostra vida social i una forma de comer\u00e7 pr\u00f2pia de la cultura mediterr\u00e0nia.<\/p>\n<p>Al mercat van anar acompanyats d\u2019una dinamitzadora que ens va mostrar diferents parades del mercat, vam aprendre a con\u00e8ixer el peix fresc, quins peixos son o no de temporada, les fruites i verdures de la primavera i l\u2019origen d\u2019aquestes. Tamb\u00e9 vam\u00a0 aprendre la identificaci\u00f3 dels ous i perqu\u00e8 son blancs o marrons.<\/p>\n<p>Despr\u00e8s vam escollir un\u00a0 producte i vam elaborar un mini projecte sobre l\u2019origen, el valor nutricional, si \u00e9s de temporada, i d\u2019altres caracter\u00edstiques. Fins i tot en algunes parades ens van explicar com cuinar l\u2019aliment!<\/p>\n<p>Va ser una experi\u00e8ncia enriquidora i amena.<\/p>\n<p>Pilar Hueso, professora de Ci\u00e8ncies Naturals12<\/p>\n","protected":false},"excerpt":{"rendered":"<p>L&#8217;alumnat de la assignatura de Alimentaci\u00f3 i Nutrici\u00f3 han participat en el projecte \u201cMenjo de mercat\u201d.\u00a0 Una activitat educativa per \u00a0transmetre als joves el valor d&#8217;una\u00a0dieta equilibrada i la pr\u00e0ctica habitual de l&#8217;esport\u00a0per tenir una vida saludable.<br \/>\nVan descobrir el valor de comprar un producte de&hellip;  <a href=\"https:\/\/agora.xtec.cat\/iesnarcismonturiol\/general\/alimentacio-i-nutricio-2n-deso-al-programa-menjo-de-mercat\/\" title=\"Read Alimentaci\u00f3 i nutrici\u00f3, 2n d&#8217;ESO al Programa &#8220;Menjo de Mercat&#8221;\">Llegeix m\u00e9s\u00bb<\/a><\/p>\n","protected":false},"author":5,"featured_media":5830,"comment_status":"open","ping_status":"open","sticky":false,"template":"","format":"standard","meta":{"_bbp_topic_count":0,"_bbp_reply_count":0,"_bbp_total_topic_count":0,"_bbp_total_reply_count":0,"_bbp_voice_count":0,"_bbp_anonymous_reply_count":0,"_bbp_topic_count_hidden":0,"_bbp_reply_count_hidden":0,"_bbp_forum_subforum_count":0,"footnotes":""},"categories":[122,1],"tags":[176,293],"class_list":["post-5829","post","type-post","status-publish","format-standard","has-post-thumbnail","hentry","category-ciencies-naturals","category-general","tag-ciencies-naturals","tag-treball-recerca"],"post_mailing_queue_ids":[],"_links":{"self":[{"href":"https:\/\/agora.xtec.cat\/iesnarcismonturiol\/wp-json\/wp\/v2\/posts\/5829","targetHints":{"allow":["GET"]}}],"collection":[{"href":"https:\/\/agora.xtec.cat\/iesnarcismonturiol\/wp-json\/wp\/v2\/posts"}],"about":[{"href":"https:\/\/agora.xtec.cat\/iesnarcismonturiol\/wp-json\/wp\/v2\/types\/post"}],"author":[{"embeddable":true,"href":"https:\/\/agora.xtec.cat\/iesnarcismonturiol\/wp-json\/wp\/v2\/users\/5"}],"replies":[{"embeddable":true,"href":"https:\/\/agora.xtec.cat\/iesnarcismonturiol\/wp-json\/wp\/v2\/comments?post=5829"}],"version-history":[{"count":0,"href":"https:\/\/agora.xtec.cat\/iesnarcismonturiol\/wp-json\/wp\/v2\/posts\/5829\/revisions"}],"wp:featuredmedia":[{"embeddable":true,"href":"https:\/\/agora.xtec.cat\/iesnarcismonturiol\/wp-json\/wp\/v2\/media\/5830"}],"wp:attachment":[{"href":"https:\/\/agora.xtec.cat\/iesnarcismonturiol\/wp-json\/wp\/v2\/media?parent=5829"}],"wp:term":[{"taxonomy":"category","embeddable":true,"href":"https:\/\/agora.xtec.cat\/iesnarcismonturiol\/wp-json\/wp\/v2\/categories?post=5829"},{"taxonomy":"post_tag","embeddable":true,"href":"https:\/\/agora.xtec.cat\/iesnarcismonturiol\/wp-json\/wp\/v2\/tags?post=5829"}],"curies":[{"name":"wp","href":"https:\/\/api.w.org\/{rel}","templated":true}]}}