{"id":5823,"date":"2016-06-11T19:42:09","date_gmt":"2016-06-11T19:42:09","guid":{"rendered":"http:\/\/insmonturiol.cat\/3r-deso-voyage-a-perpignan-et-collioure"},"modified":"2016-06-11T19:42:09","modified_gmt":"2016-06-11T19:42:09","slug":"3r-deso-voyage-a-perpignan-et-collioure","status":"publish","type":"post","link":"https:\/\/agora.xtec.cat\/iesnarcismonturiol\/general\/3r-deso-voyage-a-perpignan-et-collioure\/","title":{"rendered":"3r d&#8217;ESO VOYAGE \u00c0 PERPIGNAN ET COLLIOURE"},"content":{"rendered":"<p><a href=\"http:\/\/insmonturiol.cat\/wp-content\/uploads\/2016\/06\/IMG_20160609_111149648.jpg\"><img loading=\"lazy\" decoding=\"async\" class=\"aligncenter size-medium wp-image-5825\" src=\"http:\/\/insmonturiol.cat\/wp-content\/uploads\/2016\/06\/IMG_20160609_111149648-300x169.jpg\" alt=\"IMG_20160609_111149648\" width=\"300\" height=\"169\" srcset=\"https:\/\/agora.xtec.cat\/iesnarcismonturiol\/wp-content\/uploads\/usu2521\/2016\/06\/IMG_20160609_111149648-300x169.jpg 300w, https:\/\/agora.xtec.cat\/iesnarcismonturiol\/wp-content\/uploads\/usu2521\/2016\/06\/IMG_20160609_111149648-1024x575.jpg 1024w, https:\/\/agora.xtec.cat\/iesnarcismonturiol\/wp-content\/uploads\/usu2521\/2016\/06\/IMG_20160609_111149648-768x431.jpg 768w, https:\/\/agora.xtec.cat\/iesnarcismonturiol\/wp-content\/uploads\/usu2521\/2016\/06\/IMG_20160609_111149648-1536x863.jpg 1536w, https:\/\/agora.xtec.cat\/iesnarcismonturiol\/wp-content\/uploads\/usu2521\/2016\/06\/IMG_20160609_111149648-2048x1150.jpg 2048w\" sizes=\"auto, (max-width: 300px) 100vw, 300px\" \/><\/a><\/p>\n<p>Le 9 et 10 juin les \u00e9l\u00e8ves de 3e ann\u00e9e d\u2019ESO de notre coll\u00e8ge ont fait une excursion dans le cadre du \u201cTreball de S\u00edntesi\u201d au sud de la France. Avec le sujet de l\u2019exil comme axe principal de notre voyage, nous avons visit\u00e9 d\u2019abord \u00e0 Argel\u00e8s sur Mer ce qui avait \u00e9t\u00e9 en 1939 le camp de refugi\u00e9s republicains espagnols qui fuyaient la guerre civile. Ensuite nous sommes all\u00e9s \u00e0 la Maternit\u00e9 Suisse d\u2019Elne o\u00f9 les femmes enceintes des camps de refugi\u00e9s pouvaient accoucher dans des conditions plus favorables. <em>On a connu l\u2019histoire d\u2019 Elisabeth Eidenbenz, la personne qui g\u00e9rait cet \u00e9tablissement et qui a donn\u00e9 aux femmes des camps et leurs enfants un peu de r\u00e9conffort et de calme au milieu de l\u2019horreur et l\u2019injustice. Une histoire vraiement \u00e9mouvante.*<\/em><\/p>\n<p>L\u2019apr\u00e8s-midi nous sommes arriv\u00e9s \u00e0 Perpignan o\u00f9 l\u2019on a visit\u00e9 les endroits les plus remarquables du centre-ville et le lendemain nous nous sommes dirig\u00e9s \u00e0 Collioure pour refaire le chemin d\u2019Antonio Machado dans son exil. On a pu compter avec la collaboration de la pr\u00e9sidente de la Fondation Antonio Machado, madame Jo\u00eblle Santagarcia et aussi avec le t\u00e9moin de Monsieur Figueres dont sa m\u00e8re avait aid\u00e9 Machado et sa famille quand ils sont juste arriv\u00e9s, \u00e9puis\u00e9s et malades, \u00e0 Collioure. Finalement on a visit\u00e9 le tombeau de Machado o\u00f9 l\u2019on a fait une petite lecture de po\u00e8mes en hommage.<\/p>\n<p>Une br\u00e8ve escapade charg\u00e9e de visites int\u00e9r\u00e9ssantes!<\/p>\n<p><a href=\"http:\/\/insmonturiol.cat\/wp-content\/uploads\/2016\/06\/IMG_20160609_122258577.jpg\"><img loading=\"lazy\" decoding=\"async\" class=\"aligncenter size-medium wp-image-5827\" src=\"http:\/\/insmonturiol.cat\/wp-content\/uploads\/2016\/06\/IMG_20160609_122258577-300x169.jpg\" alt=\"IMG_20160609_122258577\" width=\"300\" height=\"169\" srcset=\"https:\/\/agora.xtec.cat\/iesnarcismonturiol\/wp-content\/uploads\/usu2521\/2016\/06\/IMG_20160609_122258577-300x169.jpg 300w, https:\/\/agora.xtec.cat\/iesnarcismonturiol\/wp-content\/uploads\/usu2521\/2016\/06\/IMG_20160609_122258577-1024x575.jpg 1024w, https:\/\/agora.xtec.cat\/iesnarcismonturiol\/wp-content\/uploads\/usu2521\/2016\/06\/IMG_20160609_122258577-768x431.jpg 768w, https:\/\/agora.xtec.cat\/iesnarcismonturiol\/wp-content\/uploads\/usu2521\/2016\/06\/IMG_20160609_122258577-1536x863.jpg 1536w, https:\/\/agora.xtec.cat\/iesnarcismonturiol\/wp-content\/uploads\/usu2521\/2016\/06\/IMG_20160609_122258577-2048x1150.jpg 2048w\" sizes=\"auto, (max-width: 300px) 100vw, 300px\" \/><\/a><\/p>\n<p>Lourdes Nevado, professora de franc\u00e9s<\/p>\n","protected":false},"excerpt":{"rendered":"<p><a href=\"http:\/\/insmonturiol.cat\/wp-content\/uploads\/2016\/06\/IMG_20160609_111149648.jpg\"><\/a><br \/>\nLe 9 et 10 juin les \u00e9l\u00e8ves de 3e ann\u00e9e d\u2019ESO de notre coll\u00e8ge ont fait une excursion dans le cadre du \u201cTreball de S\u00edntesi\u201d au sud de la France. Avec le sujet de l\u2019exil comme axe principal de notre voyage, nous avons visit\u00e9&hellip;  <a href=\"https:\/\/agora.xtec.cat\/iesnarcismonturiol\/general\/3r-deso-voyage-a-perpignan-et-collioure\/\" title=\"Read 3r d&#8217;ESO VOYAGE \u00c0 PERPIGNAN ET COLLIOURE\">Llegeix m\u00e9s\u00bb<\/a><\/p>\n","protected":false},"author":5,"featured_media":5826,"comment_status":"closed","ping_status":"closed","sticky":false,"template":"","format":"standard","meta":{"_bbp_topic_count":0,"_bbp_reply_count":0,"_bbp_total_topic_count":0,"_bbp_total_reply_count":0,"_bbp_voice_count":0,"_bbp_anonymous_reply_count":0,"_bbp_topic_count_hidden":0,"_bbp_reply_count_hidden":0,"_bbp_forum_subforum_count":0,"footnotes":""},"categories":[1,130],"tags":[225],"class_list":["post-5823","post","type-post","status-publish","format-standard","has-post-thumbnail","hentry","category-general","category-llegues-estrangeres","tag-frances"],"post_mailing_queue_ids":[],"_links":{"self":[{"href":"https:\/\/agora.xtec.cat\/iesnarcismonturiol\/wp-json\/wp\/v2\/posts\/5823","targetHints":{"allow":["GET"]}}],"collection":[{"href":"https:\/\/agora.xtec.cat\/iesnarcismonturiol\/wp-json\/wp\/v2\/posts"}],"about":[{"href":"https:\/\/agora.xtec.cat\/iesnarcismonturiol\/wp-json\/wp\/v2\/types\/post"}],"author":[{"embeddable":true,"href":"https:\/\/agora.xtec.cat\/iesnarcismonturiol\/wp-json\/wp\/v2\/users\/5"}],"replies":[{"embeddable":true,"href":"https:\/\/agora.xtec.cat\/iesnarcismonturiol\/wp-json\/wp\/v2\/comments?post=5823"}],"version-history":[{"count":0,"href":"https:\/\/agora.xtec.cat\/iesnarcismonturiol\/wp-json\/wp\/v2\/posts\/5823\/revisions"}],"wp:featuredmedia":[{"embeddable":true,"href":"https:\/\/agora.xtec.cat\/iesnarcismonturiol\/wp-json\/wp\/v2\/media\/5826"}],"wp:attachment":[{"href":"https:\/\/agora.xtec.cat\/iesnarcismonturiol\/wp-json\/wp\/v2\/media?parent=5823"}],"wp:term":[{"taxonomy":"category","embeddable":true,"href":"https:\/\/agora.xtec.cat\/iesnarcismonturiol\/wp-json\/wp\/v2\/categories?post=5823"},{"taxonomy":"post_tag","embeddable":true,"href":"https:\/\/agora.xtec.cat\/iesnarcismonturiol\/wp-json\/wp\/v2\/tags?post=5823"}],"curies":[{"name":"wp","href":"https:\/\/api.w.org\/{rel}","templated":true}]}}