{"id":5807,"date":"2016-06-14T21:55:11","date_gmt":"2016-06-14T21:55:11","guid":{"rendered":"http:\/\/insmonturiol.cat\/delf-scolaire-felicitats-david-i-ona"},"modified":"2016-06-14T21:55:11","modified_gmt":"2016-06-14T21:55:11","slug":"delf-scolaire-felicitats-david-i-ona","status":"publish","type":"post","link":"https:\/\/agora.xtec.cat\/iesnarcismonturiol\/general\/delf-scolaire-felicitats-david-i-ona\/","title":{"rendered":"DELF Scolaire, Felicitats David i Ona!!!!"},"content":{"rendered":"<p>DELF SCOLAIRE<br \/>\nAu mois de mai nos \u00e9l\u00e8ves David D\u00edaz de 4e ann\u00e9e d\u2019ESO et Ona Mart\u00ednez de 1r ann\u00e9e de \u201cBatxillerat\u201d ont pass\u00e9 les examens du DELF Scolaire des niveaux A2 et B1 respectivement. Nous sommes tr\u00e8s heureux de communiquer qu\u2019ils ont r\u00e9ussi et nous voulons les f\u00e9liciter pour leur travail, leur \u00e9ffort et leur succ\u00e8s. F\u00e9licitations \u00e0 tous les deux! Nous esperons que \u00e7a donnera envie et encouragera \u00e0 d\u2019autres copains \u00e0 s\u2019inscrire aux futures sessions du DELF Scolaire.<\/p>\n<p>Lourdes Nevado, professora de franc\u00e8s.<\/p>\n","protected":false},"excerpt":{"rendered":"<p>DELF SCOLAIRE<br \/>\nAu mois de mai nos \u00e9l\u00e8ves David D\u00edaz de 4e ann\u00e9e d\u2019ESO et Ona Mart\u00ednez de 1r ann\u00e9e de \u201cBatxillerat\u201d ont pass\u00e9 les examens du DELF Scolaire des niveaux A2 et B1 respectivement. Nous sommes tr\u00e8s heureux de communiquer qu\u2019ils ont r\u00e9ussi et nous&hellip;  <a href=\"https:\/\/agora.xtec.cat\/iesnarcismonturiol\/general\/delf-scolaire-felicitats-david-i-ona\/\" title=\"Read DELF Scolaire, Felicitats David i Ona!!!!\">Llegeix m\u00e9s\u00bb<\/a><\/p>\n","protected":false},"author":5,"featured_media":5808,"comment_status":"closed","ping_status":"closed","sticky":false,"template":"","format":"standard","meta":{"_bbp_topic_count":0,"_bbp_reply_count":0,"_bbp_total_topic_count":0,"_bbp_total_reply_count":0,"_bbp_voice_count":0,"_bbp_anonymous_reply_count":0,"_bbp_topic_count_hidden":0,"_bbp_reply_count_hidden":0,"_bbp_forum_subforum_count":0,"footnotes":""},"categories":[1,130],"tags":[193,225],"class_list":["post-5807","post","type-post","status-publish","format-standard","has-post-thumbnail","hentry","category-general","category-llegues-estrangeres","tag-delf","tag-frances"],"post_mailing_queue_ids":[],"_links":{"self":[{"href":"https:\/\/agora.xtec.cat\/iesnarcismonturiol\/wp-json\/wp\/v2\/posts\/5807","targetHints":{"allow":["GET"]}}],"collection":[{"href":"https:\/\/agora.xtec.cat\/iesnarcismonturiol\/wp-json\/wp\/v2\/posts"}],"about":[{"href":"https:\/\/agora.xtec.cat\/iesnarcismonturiol\/wp-json\/wp\/v2\/types\/post"}],"author":[{"embeddable":true,"href":"https:\/\/agora.xtec.cat\/iesnarcismonturiol\/wp-json\/wp\/v2\/users\/5"}],"replies":[{"embeddable":true,"href":"https:\/\/agora.xtec.cat\/iesnarcismonturiol\/wp-json\/wp\/v2\/comments?post=5807"}],"version-history":[{"count":0,"href":"https:\/\/agora.xtec.cat\/iesnarcismonturiol\/wp-json\/wp\/v2\/posts\/5807\/revisions"}],"wp:featuredmedia":[{"embeddable":true,"href":"https:\/\/agora.xtec.cat\/iesnarcismonturiol\/wp-json\/wp\/v2\/media\/5808"}],"wp:attachment":[{"href":"https:\/\/agora.xtec.cat\/iesnarcismonturiol\/wp-json\/wp\/v2\/media?parent=5807"}],"wp:term":[{"taxonomy":"category","embeddable":true,"href":"https:\/\/agora.xtec.cat\/iesnarcismonturiol\/wp-json\/wp\/v2\/categories?post=5807"},{"taxonomy":"post_tag","embeddable":true,"href":"https:\/\/agora.xtec.cat\/iesnarcismonturiol\/wp-json\/wp\/v2\/tags?post=5807"}],"curies":[{"name":"wp","href":"https:\/\/api.w.org\/{rel}","templated":true}]}}