{"id":5786,"date":"2016-05-05T15:00:29","date_gmt":"2016-05-05T15:00:29","guid":{"rendered":"http:\/\/insmonturiol.cat\/orientacio-els-pfi-i-el-cicles-formatius-de-grau-mitja"},"modified":"2016-05-05T15:00:29","modified_gmt":"2016-05-05T15:00:29","slug":"orientacio-els-pfi-i-el-cicles-formatius-de-grau-mitja","status":"publish","type":"post","link":"https:\/\/agora.xtec.cat\/iesnarcismonturiol\/general\/orientacio-els-pfi-i-el-cicles-formatius-de-grau-mitja\/","title":{"rendered":"Orientaci\u00f3: els PFI i el Cicles Formatius de Grau Mitj\u00e0"},"content":{"rendered":"<p>Seguint amb el proc\u00e9s d&#8217;orientaci\u00f3\u00a0a l&#8217;ESO del nostre institut, avui hem organitzat conjuntament amb el Consorci de Barcelona, una xerrada informativa sobre els PFI per a alumnat que preveu no acreditar. Tanmateix,\u00a0tamb\u00e9 se&#8217;ls informa dels CFGM com a seg\u00fcent pas un cop s&#8217;acaba un PFI amb \u00e8xit.<\/p>\n","protected":false},"excerpt":{"rendered":"<p>Seguint amb el proc\u00e9s d&#8217;orientaci\u00f3\u00a0a l&#8217;ESO del nostre institut, avui hem organitzat conjuntament amb el Consorci de Barcelona, una xerrada informativa sobre els PFI per a alumnat que preveu no acreditar. Tanmateix,\u00a0tamb\u00e9 se&#8217;ls informa dels CFGM com a seg\u00fcent pas un cop s&#8217;acaba un PFI&hellip;  <a href=\"https:\/\/agora.xtec.cat\/iesnarcismonturiol\/general\/orientacio-els-pfi-i-el-cicles-formatius-de-grau-mitja\/\" title=\"Read Orientaci\u00f3: els PFI i el Cicles Formatius de Grau Mitj\u00e0\">Llegeix m\u00e9s\u00bb<\/a><\/p>\n","protected":false},"author":5,"featured_media":5788,"comment_status":"closed","ping_status":"closed","sticky":false,"template":"","format":"standard","meta":{"_bbp_topic_count":0,"_bbp_reply_count":0,"_bbp_total_topic_count":0,"_bbp_total_reply_count":0,"_bbp_voice_count":0,"_bbp_anonymous_reply_count":0,"_bbp_topic_count_hidden":0,"_bbp_reply_count_hidden":0,"_bbp_forum_subforum_count":0,"footnotes":""},"categories":[1,134],"tags":[273],"class_list":["post-5786","post","type-post","status-publish","format-standard","has-post-thumbnail","hentry","category-general","category-orientacio","tag-orientacio"],"post_mailing_queue_ids":[],"_links":{"self":[{"href":"https:\/\/agora.xtec.cat\/iesnarcismonturiol\/wp-json\/wp\/v2\/posts\/5786","targetHints":{"allow":["GET"]}}],"collection":[{"href":"https:\/\/agora.xtec.cat\/iesnarcismonturiol\/wp-json\/wp\/v2\/posts"}],"about":[{"href":"https:\/\/agora.xtec.cat\/iesnarcismonturiol\/wp-json\/wp\/v2\/types\/post"}],"author":[{"embeddable":true,"href":"https:\/\/agora.xtec.cat\/iesnarcismonturiol\/wp-json\/wp\/v2\/users\/5"}],"replies":[{"embeddable":true,"href":"https:\/\/agora.xtec.cat\/iesnarcismonturiol\/wp-json\/wp\/v2\/comments?post=5786"}],"version-history":[{"count":0,"href":"https:\/\/agora.xtec.cat\/iesnarcismonturiol\/wp-json\/wp\/v2\/posts\/5786\/revisions"}],"wp:featuredmedia":[{"embeddable":true,"href":"https:\/\/agora.xtec.cat\/iesnarcismonturiol\/wp-json\/wp\/v2\/media\/5788"}],"wp:attachment":[{"href":"https:\/\/agora.xtec.cat\/iesnarcismonturiol\/wp-json\/wp\/v2\/media?parent=5786"}],"wp:term":[{"taxonomy":"category","embeddable":true,"href":"https:\/\/agora.xtec.cat\/iesnarcismonturiol\/wp-json\/wp\/v2\/categories?post=5786"},{"taxonomy":"post_tag","embeddable":true,"href":"https:\/\/agora.xtec.cat\/iesnarcismonturiol\/wp-json\/wp\/v2\/tags?post=5786"}],"curies":[{"name":"wp","href":"https:\/\/api.w.org\/{rel}","templated":true}]}}