{"id":5770,"date":"2016-04-29T15:14:40","date_gmt":"2016-04-29T15:14:40","guid":{"rendered":"http:\/\/insmonturiol.cat\/a-4t-deso-seguim-amb-el-programa-dorientacio"},"modified":"2016-04-29T15:14:40","modified_gmt":"2016-04-29T15:14:40","slug":"a-4t-deso-seguim-amb-el-programa-dorientacio","status":"publish","type":"post","link":"https:\/\/agora.xtec.cat\/iesnarcismonturiol\/general\/a-4t-deso-seguim-amb-el-programa-dorientacio\/","title":{"rendered":"a 4T d&#8217;ESO seguim amb el Programa d&#8217;Orientaci\u00f3"},"content":{"rendered":"<div>Dins del proc\u00e9s d&#8217;orientaci\u00f3 que estem duent a terme a l&#8217;INS Narc\u00eds Monturiol, el dia 28 d&#8217;abril vam anar de visita amb alumnat de 4t de la ESO que no preveu fer BTX, a l&#8217;Institut Escola del Treball de Barcelona. All\u00e0 vam poder tastar els diferents cicles que es fan i entendre millor el seu funcionament i requisits d&#8217;acc\u00e9s.<\/div>\n<div>Aqu\u00ed podeu veure a l&#8217;alumnat atenent les explicacions del professor del CFGM de fusteria.<\/div>\n<div><a href=\"http:\/\/insmonturiol.cat\/wp-content\/uploads\/2016\/04\/IMG_0533-e1461942840702.jpg\"><img loading=\"lazy\" decoding=\"async\" class=\"aligncenter size-medium wp-image-5771\" src=\"http:\/\/insmonturiol.cat\/wp-content\/uploads\/2016\/04\/IMG_0533-e1461942840702-300x224.jpg\" alt=\"IMG_0533\" width=\"300\" height=\"224\" srcset=\"https:\/\/agora.xtec.cat\/iesnarcismonturiol\/wp-content\/uploads\/usu2521\/2016\/04\/IMG_0533-e1461942840702-300x224.jpg 300w, https:\/\/agora.xtec.cat\/iesnarcismonturiol\/wp-content\/uploads\/usu2521\/2016\/04\/IMG_0533-e1461942840702-1024x765.jpg 1024w, https:\/\/agora.xtec.cat\/iesnarcismonturiol\/wp-content\/uploads\/usu2521\/2016\/04\/IMG_0533-e1461942840702-768x574.jpg 768w, https:\/\/agora.xtec.cat\/iesnarcismonturiol\/wp-content\/uploads\/usu2521\/2016\/04\/IMG_0533-e1461942840702-1536x1147.jpg 1536w, https:\/\/agora.xtec.cat\/iesnarcismonturiol\/wp-content\/uploads\/usu2521\/2016\/04\/IMG_0533-e1461942840702-2048x1530.jpg 2048w, https:\/\/agora.xtec.cat\/iesnarcismonturiol\/wp-content\/uploads\/usu2521\/2016\/04\/IMG_0533-e1461942840702-200x150.jpg 200w\" sizes=\"auto, (max-width: 300px) 100vw, 300px\" \/><\/a><\/div>\n<div>Sim\u00f3n Aparicio, professor d&#8217;Orientaci\u00f3<\/div>\n","protected":false},"excerpt":{"rendered":"<p>Dins del proc\u00e9s d&#8217;orientaci\u00f3 que estem duent a terme a l&#8217;INS Narc\u00eds Monturiol, el dia 28 d&#8217;abril vam anar de visita amb alumnat de 4t de la ESO que no preveu fer BTX, a l&#8217;Institut Escola del Treball de Barcelona. All\u00e0 vam poder tastar els&hellip;  <a href=\"https:\/\/agora.xtec.cat\/iesnarcismonturiol\/general\/a-4t-deso-seguim-amb-el-programa-dorientacio\/\" title=\"Read a 4T d&#8217;ESO seguim amb el Programa d&#8217;Orientaci\u00f3\">Llegeix m\u00e9s\u00bb<\/a><\/p>\n","protected":false},"author":5,"featured_media":5771,"comment_status":"closed","ping_status":"closed","sticky":false,"template":"","format":"standard","meta":{"_bbp_topic_count":0,"_bbp_reply_count":0,"_bbp_total_topic_count":0,"_bbp_total_reply_count":0,"_bbp_voice_count":0,"_bbp_anonymous_reply_count":0,"_bbp_topic_count_hidden":0,"_bbp_reply_count_hidden":0,"_bbp_forum_subforum_count":0,"footnotes":""},"categories":[1],"tags":[273,318],"class_list":["post-5770","post","type-post","status-publish","format-standard","has-post-thumbnail","hentry","category-general","tag-orientacio","tag-tutoria"],"post_mailing_queue_ids":[],"_links":{"self":[{"href":"https:\/\/agora.xtec.cat\/iesnarcismonturiol\/wp-json\/wp\/v2\/posts\/5770","targetHints":{"allow":["GET"]}}],"collection":[{"href":"https:\/\/agora.xtec.cat\/iesnarcismonturiol\/wp-json\/wp\/v2\/posts"}],"about":[{"href":"https:\/\/agora.xtec.cat\/iesnarcismonturiol\/wp-json\/wp\/v2\/types\/post"}],"author":[{"embeddable":true,"href":"https:\/\/agora.xtec.cat\/iesnarcismonturiol\/wp-json\/wp\/v2\/users\/5"}],"replies":[{"embeddable":true,"href":"https:\/\/agora.xtec.cat\/iesnarcismonturiol\/wp-json\/wp\/v2\/comments?post=5770"}],"version-history":[{"count":0,"href":"https:\/\/agora.xtec.cat\/iesnarcismonturiol\/wp-json\/wp\/v2\/posts\/5770\/revisions"}],"wp:featuredmedia":[{"embeddable":true,"href":"https:\/\/agora.xtec.cat\/iesnarcismonturiol\/wp-json\/wp\/v2\/media\/5771"}],"wp:attachment":[{"href":"https:\/\/agora.xtec.cat\/iesnarcismonturiol\/wp-json\/wp\/v2\/media?parent=5770"}],"wp:term":[{"taxonomy":"category","embeddable":true,"href":"https:\/\/agora.xtec.cat\/iesnarcismonturiol\/wp-json\/wp\/v2\/categories?post=5770"},{"taxonomy":"post_tag","embeddable":true,"href":"https:\/\/agora.xtec.cat\/iesnarcismonturiol\/wp-json\/wp\/v2\/tags?post=5770"}],"curies":[{"name":"wp","href":"https:\/\/api.w.org\/{rel}","templated":true}]}}