{"id":5710,"date":"2016-03-13T18:05:27","date_gmt":"2016-03-13T18:05:27","guid":{"rendered":"http:\/\/insmonturiol.cat\/3r-deso-al-parlament-de-catalunya"},"modified":"2016-03-13T18:05:27","modified_gmt":"2016-03-13T18:05:27","slug":"3r-deso-al-parlament-de-catalunya","status":"publish","type":"post","link":"https:\/\/agora.xtec.cat\/iesnarcismonturiol\/ciencies-socials\/3r-deso-al-parlament-de-catalunya\/","title":{"rendered":"3r d&#8217;ESO al Parlament de Catalunya"},"content":{"rendered":"<div>&#8220;Els\u00a0passats 5 i 12 de mar\u00e7, els alumnes de 3rESO vam anar al Parlament de Catalunya, en una visita de la mat\u00e8ria Ci\u00e8ncies Socials.<\/div>\n<div>All\u00e0 vam poder seure en els escons dels diputats al\u00a0Sal\u00f3 de Plens, mentre ens explicaven el funcionament del Parlament, qu\u00e8 \u00e9s, quines funcions t\u00e9 i altres curiositats com la distribuci\u00f3 dels partits pol\u00edtics dins de la cambra, la manera\u00a0de fer les votacions i les intervencions dels diputats, etc.<\/div>\n<div>Tamb\u00e9 vam fer un recorregut per altres estances de l&#8217;edifici, com el Sal\u00f3 dels Passos Perduts, on ens van explicar la hist\u00f2ria del Palau on est\u00e0 ubicat el Parlament, construit com un arsenal de la Ciutadella despr\u00e9s de la derrota en la guerra de Successi\u00f3, al 1714.<\/div>\n<div>I per acabar, una estona d&#8217;esbarjo al Parc de la Ciutadella abans de tornar a classe.&#8221;<\/div>\n<div><\/div>\n<div>David Fraile, professor de ci\u00e8ncies social<\/div>\n","protected":false},"excerpt":{"rendered":"<p>&#8220;Els\u00a0passats 5 i 12 de mar\u00e7, els alumnes de 3rESO vam anar al Parlament de Catalunya, en una visita de la mat\u00e8ria Ci\u00e8ncies Socials.<br \/>\nAll\u00e0 vam poder seure en els escons dels diputats al\u00a0Sal\u00f3 de Plens, mentre ens explicaven el funcionament del Parlament, qu\u00e8 \u00e9s, quines&hellip;  <a href=\"https:\/\/agora.xtec.cat\/iesnarcismonturiol\/ciencies-socials\/3r-deso-al-parlament-de-catalunya\/\" title=\"Read 3r d&#8217;ESO al Parlament de Catalunya\">Llegeix m\u00e9s\u00bb<\/a><\/p>\n","protected":false},"author":5,"featured_media":5711,"comment_status":"open","ping_status":"open","sticky":false,"template":"","format":"standard","meta":{"_bbp_topic_count":0,"_bbp_reply_count":0,"_bbp_total_topic_count":0,"_bbp_total_reply_count":0,"_bbp_voice_count":0,"_bbp_anonymous_reply_count":0,"_bbp_topic_count_hidden":0,"_bbp_reply_count_hidden":0,"_bbp_forum_subforum_count":0,"footnotes":""},"categories":[123],"tags":[],"class_list":["post-5710","post","type-post","status-publish","format-standard","has-post-thumbnail","hentry","category-ciencies-socials"],"post_mailing_queue_ids":[],"_links":{"self":[{"href":"https:\/\/agora.xtec.cat\/iesnarcismonturiol\/wp-json\/wp\/v2\/posts\/5710","targetHints":{"allow":["GET"]}}],"collection":[{"href":"https:\/\/agora.xtec.cat\/iesnarcismonturiol\/wp-json\/wp\/v2\/posts"}],"about":[{"href":"https:\/\/agora.xtec.cat\/iesnarcismonturiol\/wp-json\/wp\/v2\/types\/post"}],"author":[{"embeddable":true,"href":"https:\/\/agora.xtec.cat\/iesnarcismonturiol\/wp-json\/wp\/v2\/users\/5"}],"replies":[{"embeddable":true,"href":"https:\/\/agora.xtec.cat\/iesnarcismonturiol\/wp-json\/wp\/v2\/comments?post=5710"}],"version-history":[{"count":0,"href":"https:\/\/agora.xtec.cat\/iesnarcismonturiol\/wp-json\/wp\/v2\/posts\/5710\/revisions"}],"wp:featuredmedia":[{"embeddable":true,"href":"https:\/\/agora.xtec.cat\/iesnarcismonturiol\/wp-json\/wp\/v2\/media\/5711"}],"wp:attachment":[{"href":"https:\/\/agora.xtec.cat\/iesnarcismonturiol\/wp-json\/wp\/v2\/media?parent=5710"}],"wp:term":[{"taxonomy":"category","embeddable":true,"href":"https:\/\/agora.xtec.cat\/iesnarcismonturiol\/wp-json\/wp\/v2\/categories?post=5710"},{"taxonomy":"post_tag","embeddable":true,"href":"https:\/\/agora.xtec.cat\/iesnarcismonturiol\/wp-json\/wp\/v2\/tags?post=5710"}],"curies":[{"name":"wp","href":"https:\/\/api.w.org\/{rel}","templated":true}]}}