{"id":5698,"date":"2016-04-21T17:20:48","date_gmt":"2016-04-21T17:20:48","guid":{"rendered":"http:\/\/insmonturiol.cat\/a-4t-deso-investiguem-sobre-lunivers"},"modified":"2016-04-21T17:20:48","modified_gmt":"2016-04-21T17:20:48","slug":"a-4t-deso-investiguem-sobre-lunivers","status":"publish","type":"post","link":"https:\/\/agora.xtec.cat\/iesnarcismonturiol\/general\/a-4t-deso-investiguem-sobre-lunivers\/","title":{"rendered":"A 4t d&#8217;ESO Investiguem sobre l&#8217;univers."},"content":{"rendered":"<div>Investigar sobre l&#8217;univers \u00e9s molt interessant, un parell d&#8217;alumnes de quart ens resumeixen com va ser l&#8217;organitzaci\u00f3 i elaboraci\u00f3 del seu treball:<\/div>\n<p><i><span style=\"color: #666666; line-height: 25px; font-family: 'Open Sans',Helvetica,Arial,sans-serif;\">&#8220;Al principi, vam buscar imatges sobre cossos celestes de l&#8217;univers. Llavors una imatge ens va cridar l&#8217;atenci\u00f3, i vam decidir investigar m\u00e9s a fons sobre aquella imatge. Aquella imatge era Kepler 186-<\/span><span style=\"color: #666666; line-height: 25px; padding-bottom: 2px; font-family: 'Open Sans',Helvetica,Arial,sans-serif; background-image: url('https:\/\/ci4.googleusercontent.com\/proxy\/b7sQLQFzd_BvTkC9JMZt2KfTS8s9NNXI9Rmjs-03otgnwdbwhxmh4ATMP0saRRYym-Ia-7lXCrOp-UGpTQUgbSr-0g=s0-d-e1-ft#http:\/\/..\/..\/..\/..\/..\/images\/squiggle_red.png'); background-repeat: repeat-x;\">f<\/span><span style=\"color: #666666; line-height: 25px; font-family: 'Open Sans',Helvetica,Arial,sans-serif;\">. Un\u00a0<\/span><span style=\"color: #666666; line-height: 25px; padding-bottom: 2px; font-family: 'Open Sans',Helvetica,Arial,sans-serif; background-image: url('https:\/\/ci4.googleusercontent.com\/proxy\/b7sQLQFzd_BvTkC9JMZt2KfTS8s9NNXI9Rmjs-03otgnwdbwhxmh4ATMP0saRRYym-Ia-7lXCrOp-UGpTQUgbSr-0g=s0-d-e1-ft#http:\/\/..\/..\/..\/..\/..\/images\/squiggle_red.png'); background-repeat: repeat-x;\">exoplaneta<\/span><span style=\"color: #666666; line-height: 25px; font-family: 'Open Sans',Helvetica,Arial,sans-serif;\">, \u00e9s a dir, un planeta amb caracter\u00edstiques molt similars a la Terra. Despr\u00e9s d&#8217;haver decidit que far\u00edem el treball sobre l&#8217;<\/span><span style=\"color: #666666; line-height: 25px; padding-bottom: 2px; font-family: 'Open Sans',Helvetica,Arial,sans-serif; background-image: url('https:\/\/ci4.googleusercontent.com\/proxy\/b7sQLQFzd_BvTkC9JMZt2KfTS8s9NNXI9Rmjs-03otgnwdbwhxmh4ATMP0saRRYym-Ia-7lXCrOp-UGpTQUgbSr-0g=s0-d-e1-ft#http:\/\/..\/..\/..\/..\/..\/images\/squiggle_red.png'); background-repeat: repeat-x;\">exoplaneta<\/span><span style=\"color: #666666; line-height: 25px; font-family: 'Open Sans',Helvetica,Arial,sans-serif;\">\u00a0Kepler 186-<\/span><span style=\"color: #666666; line-height: 25px; padding-bottom: 2px; font-family: 'Open Sans',Helvetica,Arial,sans-serif; background-image: url('https:\/\/ci4.googleusercontent.com\/proxy\/b7sQLQFzd_BvTkC9JMZt2KfTS8s9NNXI9Rmjs-03otgnwdbwhxmh4ATMP0saRRYym-Ia-7lXCrOp-UGpTQUgbSr-0g=s0-d-e1-ft#http:\/\/..\/..\/..\/..\/..\/images\/squiggle_red.png'); background-repeat: repeat-x;\">f<\/span><span style=\"color: #666666; line-height: 25px; font-family: 'Open Sans',Helvetica,Arial,sans-serif;\">\u00a0i recollir informaci\u00f3 per internet, ens vam repartir la informaci\u00f3 que cadasc\u00fa\u00a0<\/span><span style=\"color: #666666; line-height: 25px; font-family: 'Open Sans',Helvetica,Arial,sans-serif;\">exposaria al\u00a0<\/span><b><span style=\"color: #666666; line-height: 25px; padding-bottom: 2px; font-family: 'Open Sans',Helvetica,Arial,sans-serif; background-image: url('https:\/\/ci4.googleusercontent.com\/proxy\/b7sQLQFzd_BvTkC9JMZt2KfTS8s9NNXI9Rmjs-03otgnwdbwhxmh4ATMP0saRRYym-Ia-7lXCrOp-UGpTQUgbSr-0g=s0-d-e1-ft#http:\/\/..\/..\/..\/..\/..\/images\/squiggle_red.png'); background-repeat: repeat-x;\">thing<\/span><span style=\"color: #666666; line-height: 25px; padding-bottom: 2px; font-family: 'Open Sans',Helvetica,Arial,sans-serif; background-image: url('https:\/\/ci4.googleusercontent.com\/proxy\/b7sQLQFzd_BvTkC9JMZt2KfTS8s9NNXI9Rmjs-03otgnwdbwhxmh4ATMP0saRRYym-Ia-7lXCrOp-UGpTQUgbSr-0g=s0-d-e1-ft#http:\/\/..\/..\/..\/..\/..\/images\/squiggle_red.png'); background-repeat: repeat-x;\">link<\/span><\/b><span style=\"color: #666666; line-height: 25px; font-family: 'Open Sans',Helvetica,Arial,sans-serif;\"><b>\u00a0<\/b>que\u00a0<\/span><span style=\"color: #666666; line-height: 25px; font-family: 'Open Sans',Helvetica,Arial,sans-serif;\">ten\u00edem<\/span><span style=\"color: #666666; line-height: 25px; font-family: 'Open Sans',Helvetica,Arial,sans-serif;\">\u00a0<wbr \/>preparat. Despr\u00e9s de repartir la informaci\u00f3, vam decidir estudiar-la i preparar-la cadasc\u00fa a casa seva. Vam fer una petita pr\u00e0ctica explicant l&#8217;un a l&#8217;altre el que hav\u00edem d&#8217;exposar. El dia de l&#8217;exposici\u00f3 vam aconseguir explicar el nostre tema a la resta de la classe. Creiem que hem treballat b\u00e9 conjuntament.&#8221;<\/span><\/i><\/p>\n<p>feu clic a <a href=\"http:\/\/Tom\u00e1s Diaz i Max Botey\">l&#8217;enlla\u00e7 <\/a>i veure el treball d&#8217;en Tom\u00e0s i en Max<\/p>\n<p><i><span style=\"font-size: xx-small;\"><span style=\"color: #666666; font-family: Open Sans, Helvetica, Arial, sans-serif;\"><a href=\"https:\/\/www.thinglink.com\/scene\/763370115176595456\" target=\"_blank\" rel=\"noopener\"><span style=\"color: #1155cc;\">https:\/\/www.thinglink.com\/<wbr \/><\/span>scene\/763370115176595456<\/a><\/span><br \/>\n<\/span><\/i><\/p>\n<p><span style=\"color: #666666; font-family: Open Sans, Helvetica, Arial, sans-serif;\"><i>Tom\u00e1s Diaz i Max Botey, alumnes de 4t d&#8217;ESO<br \/>\n<\/i><\/span><\/p>\n","protected":false},"excerpt":{"rendered":"<p>Investigar sobre l&#8217;univers \u00e9s molt interessant, un parell d&#8217;alumnes de quart ens resumeixen com va ser l&#8217;organitzaci\u00f3 i elaboraci\u00f3 del seu treball:<br \/>\n&#8220;Al principi, vam buscar imatges sobre cossos celestes de l&#8217;univers. Llavors una imatge ens va cridar l&#8217;atenci\u00f3, i vam decidir investigar m\u00e9s a fons&hellip;  <a href=\"https:\/\/agora.xtec.cat\/iesnarcismonturiol\/general\/a-4t-deso-investiguem-sobre-lunivers\/\" title=\"Read A 4t d&#8217;ESO Investiguem sobre l&#8217;univers.\">Llegeix m\u00e9s\u00bb<\/a><\/p>\n","protected":false},"author":5,"featured_media":5700,"comment_status":"closed","ping_status":"closed","sticky":false,"template":"","format":"standard","meta":{"_bbp_topic_count":0,"_bbp_reply_count":0,"_bbp_total_topic_count":0,"_bbp_total_reply_count":0,"_bbp_voice_count":0,"_bbp_anonymous_reply_count":0,"_bbp_topic_count_hidden":0,"_bbp_reply_count_hidden":0,"_bbp_forum_subforum_count":0,"footnotes":""},"categories":[122,1],"tags":[221,291],"class_list":["post-5698","post","type-post","status-publish","format-standard","has-post-thumbnail","hentry","category-ciencies-naturals","category-general","tag-fisica","tag-quimica"],"post_mailing_queue_ids":[],"_links":{"self":[{"href":"https:\/\/agora.xtec.cat\/iesnarcismonturiol\/wp-json\/wp\/v2\/posts\/5698","targetHints":{"allow":["GET"]}}],"collection":[{"href":"https:\/\/agora.xtec.cat\/iesnarcismonturiol\/wp-json\/wp\/v2\/posts"}],"about":[{"href":"https:\/\/agora.xtec.cat\/iesnarcismonturiol\/wp-json\/wp\/v2\/types\/post"}],"author":[{"embeddable":true,"href":"https:\/\/agora.xtec.cat\/iesnarcismonturiol\/wp-json\/wp\/v2\/users\/5"}],"replies":[{"embeddable":true,"href":"https:\/\/agora.xtec.cat\/iesnarcismonturiol\/wp-json\/wp\/v2\/comments?post=5698"}],"version-history":[{"count":0,"href":"https:\/\/agora.xtec.cat\/iesnarcismonturiol\/wp-json\/wp\/v2\/posts\/5698\/revisions"}],"wp:featuredmedia":[{"embeddable":true,"href":"https:\/\/agora.xtec.cat\/iesnarcismonturiol\/wp-json\/wp\/v2\/media\/5700"}],"wp:attachment":[{"href":"https:\/\/agora.xtec.cat\/iesnarcismonturiol\/wp-json\/wp\/v2\/media?parent=5698"}],"wp:term":[{"taxonomy":"category","embeddable":true,"href":"https:\/\/agora.xtec.cat\/iesnarcismonturiol\/wp-json\/wp\/v2\/categories?post=5698"},{"taxonomy":"post_tag","embeddable":true,"href":"https:\/\/agora.xtec.cat\/iesnarcismonturiol\/wp-json\/wp\/v2\/tags?post=5698"}],"curies":[{"name":"wp","href":"https:\/\/api.w.org\/{rel}","templated":true}]}}