{"id":5694,"date":"2016-04-21T17:09:02","date_gmt":"2016-04-21T17:09:02","guid":{"rendered":"http:\/\/insmonturiol.cat\/com-puc-triar-4t-deso-a-la-xerrada-dorientacio"},"modified":"2016-04-21T17:09:02","modified_gmt":"2016-04-21T17:09:02","slug":"com-puc-triar-4t-deso-a-la-xerrada-dorientacio","status":"publish","type":"post","link":"https:\/\/agora.xtec.cat\/iesnarcismonturiol\/general\/com-puc-triar-4t-deso-a-la-xerrada-dorientacio\/","title":{"rendered":"Com puc triar? 4t d&#8217;ESO a la xerrada d&#8217;orientaci\u00f3"},"content":{"rendered":"<div>\u00a0<\/div>\n<div>Dins de les activitats d&#8217;orientaci\u00f3 que estem fent a l&#8217;institut per tal d&#8217;acompanyar als nostres alumnes en el seu proc\u00e9s de tria de formaci\u00f3 postobligat\u00f2ria, els podem veure aqu\u00ed en una xerrada sobre com prendre decisions organitzada per Catedra Coaching. Es pot veure a la foto\u00a0com estan d&#8217;engrescats.<\/div>\n<div>\u00a0<\/div>\n<div>Simon Aparicio, orientador del centre.<\/div>\n\n\n<figure class=\"wp-block-image size-large\"><img loading=\"lazy\" decoding=\"async\" width=\"768\" height=\"574\" src=\"http:\/\/insmonturiol.cat\/wp-content\/uploads\/2020\/05\/IMG_0520-e1461708522337-768x574-1-rotated-e1589186253618.jpg\" alt=\"\" class=\"wp-image-8909\" srcset=\"https:\/\/agora.xtec.cat\/iesnarcismonturiol\/wp-content\/uploads\/usu2521\/2020\/05\/IMG_0520-e1461708522337-768x574-1-rotated-e1589186253618.jpg 768w, https:\/\/agora.xtec.cat\/iesnarcismonturiol\/wp-content\/uploads\/usu2521\/2020\/05\/IMG_0520-e1461708522337-768x574-1-rotated-e1589186253618-300x224.jpg 300w, https:\/\/agora.xtec.cat\/iesnarcismonturiol\/wp-content\/uploads\/usu2521\/2020\/05\/IMG_0520-e1461708522337-768x574-1-rotated-e1589186253618-200x150.jpg 200w\" sizes=\"auto, (max-width: 768px) 100vw, 768px\" \/><\/figure>\n","protected":false},"excerpt":{"rendered":"<p>\u00a0<br \/>\nDins de les activitats d&#8217;orientaci\u00f3 que estem fent a l&#8217;institut per tal d&#8217;acompanyar als nostres alumnes en el seu proc\u00e9s de tria de formaci\u00f3 postobligat\u00f2ria, els podem veure aqu\u00ed en una xerrada sobre com prendre decisions organitzada per Catedra Coaching. Es pot veure a la&hellip;  <a href=\"https:\/\/agora.xtec.cat\/iesnarcismonturiol\/general\/com-puc-triar-4t-deso-a-la-xerrada-dorientacio\/\" title=\"Read Com puc triar? 4t d&#8217;ESO a la xerrada d&#8217;orientaci\u00f3\">Llegeix m\u00e9s\u00bb<\/a><\/p>\n","protected":false},"author":5,"featured_media":5696,"comment_status":"closed","ping_status":"closed","sticky":false,"template":"","format":"standard","meta":{"_bbp_topic_count":0,"_bbp_reply_count":0,"_bbp_total_topic_count":0,"_bbp_total_reply_count":0,"_bbp_voice_count":0,"_bbp_anonymous_reply_count":0,"_bbp_topic_count_hidden":0,"_bbp_reply_count_hidden":0,"_bbp_forum_subforum_count":0,"footnotes":""},"categories":[1,134],"tags":[273],"class_list":["post-5694","post","type-post","status-publish","format-standard","has-post-thumbnail","hentry","category-general","category-orientacio","tag-orientacio"],"post_mailing_queue_ids":[],"_links":{"self":[{"href":"https:\/\/agora.xtec.cat\/iesnarcismonturiol\/wp-json\/wp\/v2\/posts\/5694","targetHints":{"allow":["GET"]}}],"collection":[{"href":"https:\/\/agora.xtec.cat\/iesnarcismonturiol\/wp-json\/wp\/v2\/posts"}],"about":[{"href":"https:\/\/agora.xtec.cat\/iesnarcismonturiol\/wp-json\/wp\/v2\/types\/post"}],"author":[{"embeddable":true,"href":"https:\/\/agora.xtec.cat\/iesnarcismonturiol\/wp-json\/wp\/v2\/users\/5"}],"replies":[{"embeddable":true,"href":"https:\/\/agora.xtec.cat\/iesnarcismonturiol\/wp-json\/wp\/v2\/comments?post=5694"}],"version-history":[{"count":0,"href":"https:\/\/agora.xtec.cat\/iesnarcismonturiol\/wp-json\/wp\/v2\/posts\/5694\/revisions"}],"wp:featuredmedia":[{"embeddable":true,"href":"https:\/\/agora.xtec.cat\/iesnarcismonturiol\/wp-json\/wp\/v2\/media\/5696"}],"wp:attachment":[{"href":"https:\/\/agora.xtec.cat\/iesnarcismonturiol\/wp-json\/wp\/v2\/media?parent=5694"}],"wp:term":[{"taxonomy":"category","embeddable":true,"href":"https:\/\/agora.xtec.cat\/iesnarcismonturiol\/wp-json\/wp\/v2\/categories?post=5694"},{"taxonomy":"post_tag","embeddable":true,"href":"https:\/\/agora.xtec.cat\/iesnarcismonturiol\/wp-json\/wp\/v2\/tags?post=5694"}],"curies":[{"name":"wp","href":"https:\/\/api.w.org\/{rel}","templated":true}]}}