{"id":5657,"date":"2016-03-17T09:39:35","date_gmt":"2016-03-17T09:39:35","guid":{"rendered":"http:\/\/insmonturiol.cat\/disseny-i-comunicacio-3r-deso-ens-explica-limpacte-del-projecte-de-reutilitzacio-de-llibres"},"modified":"2016-03-17T09:39:35","modified_gmt":"2016-03-17T09:39:35","slug":"disseny-i-comunicacio-3r-deso-ens-explica-limpacte-del-projecte-de-reutilitzacio-de-llibres","status":"publish","type":"post","link":"https:\/\/agora.xtec.cat\/iesnarcismonturiol\/general\/disseny-i-comunicacio-3r-deso-ens-explica-limpacte-del-projecte-de-reutilitzacio-de-llibres\/","title":{"rendered":"Disseny i comunicaci\u00f3, 3r d&#8217;ESO ens explica l&#8217;impacte del Projecte de Reutilitzaci\u00f3 de Llibres"},"content":{"rendered":"<p>Alguna vegada heu pensat quin \u00e9s l&#8217;impacte del Projecte de Reutilitzaci\u00f3 de llibres de l&#8217;Institut?<\/p>\n<p>Sabeu quants llibres \u00e9s reutilitzen cada curs?<\/p>\n<p>Quin \u00e9s l&#8217;estalvi de recursos que es fa?<\/p>\n<p>Doncs&#8230;<\/p>\n<p>Mireu la presentaci\u00f3 que els de 3r d&#8217;ESO ens han preparat: feu click a<\/p>\n<p><a href=\"https:\/\/sites.google.com\/a\/xtec.cat\/reutilitzacio-de-llibres-institut-narcis-monturiol\/\" target=\"_blank\" rel=\"noopener\">reutilitzaci\u00f3 llibres de text institut narc\u00eds monturiol<\/a><\/p>\n","protected":false},"excerpt":{"rendered":"<p>Alguna vegada heu pensat quin \u00e9s l&#8217;impacte del Projecte de Reutilitzaci\u00f3 de llibres de l&#8217;Institut?<br \/>\nSabeu quants llibres \u00e9s reutilitzen cada curs?<br \/>\nQuin \u00e9s l&#8217;estalvi de recursos que es fa?<br \/>\nDoncs&#8230;<br \/>\nMireu la presentaci\u00f3 que els de 3r d&#8217;ESO ens han preparat: feu click a<br \/>\n<a href=\"https:\/\/sites.google.com\/a\/xtec.cat\/reutilitzacio-de-llibres-institut-narcis-monturiol\/\" target=\"_blank\" rel=\"noopener\">reutilitzaci\u00f3 llibres&hellip;  <a href=\"https:\/\/agora.xtec.cat\/iesnarcismonturiol\/general\/disseny-i-comunicacio-3r-deso-ens-explica-limpacte-del-projecte-de-reutilitzacio-de-llibres\/\" title=\"Read Disseny i comunicaci\u00f3, 3r d&#8217;ESO ens explica l&#8217;impacte del Projecte de Reutilitzaci\u00f3 de Llibres\">Llegeix m\u00e9s\u00bb<\/a><\/p>\n","protected":false},"author":5,"featured_media":5658,"comment_status":"closed","ping_status":"closed","sticky":false,"template":"","format":"standard","meta":{"_bbp_topic_count":0,"_bbp_reply_count":0,"_bbp_total_topic_count":0,"_bbp_total_reply_count":0,"_bbp_voice_count":0,"_bbp_anonymous_reply_count":0,"_bbp_topic_count_hidden":0,"_bbp_reply_count_hidden":0,"_bbp_forum_subforum_count":0,"footnotes":""},"categories":[1],"tags":[296,313],"class_list":["post-5657","post","type-post","status-publish","format-standard","has-post-thumbnail","hentry","category-general","tag-reutilitzacio","tag-treball-per-projectes"],"post_mailing_queue_ids":[],"_links":{"self":[{"href":"https:\/\/agora.xtec.cat\/iesnarcismonturiol\/wp-json\/wp\/v2\/posts\/5657","targetHints":{"allow":["GET"]}}],"collection":[{"href":"https:\/\/agora.xtec.cat\/iesnarcismonturiol\/wp-json\/wp\/v2\/posts"}],"about":[{"href":"https:\/\/agora.xtec.cat\/iesnarcismonturiol\/wp-json\/wp\/v2\/types\/post"}],"author":[{"embeddable":true,"href":"https:\/\/agora.xtec.cat\/iesnarcismonturiol\/wp-json\/wp\/v2\/users\/5"}],"replies":[{"embeddable":true,"href":"https:\/\/agora.xtec.cat\/iesnarcismonturiol\/wp-json\/wp\/v2\/comments?post=5657"}],"version-history":[{"count":0,"href":"https:\/\/agora.xtec.cat\/iesnarcismonturiol\/wp-json\/wp\/v2\/posts\/5657\/revisions"}],"wp:featuredmedia":[{"embeddable":true,"href":"https:\/\/agora.xtec.cat\/iesnarcismonturiol\/wp-json\/wp\/v2\/media\/5658"}],"wp:attachment":[{"href":"https:\/\/agora.xtec.cat\/iesnarcismonturiol\/wp-json\/wp\/v2\/media?parent=5657"}],"wp:term":[{"taxonomy":"category","embeddable":true,"href":"https:\/\/agora.xtec.cat\/iesnarcismonturiol\/wp-json\/wp\/v2\/categories?post=5657"},{"taxonomy":"post_tag","embeddable":true,"href":"https:\/\/agora.xtec.cat\/iesnarcismonturiol\/wp-json\/wp\/v2\/tags?post=5657"}],"curies":[{"name":"wp","href":"https:\/\/api.w.org\/{rel}","templated":true}]}}