{"id":5648,"date":"2016-03-01T15:57:12","date_gmt":"2016-03-01T15:57:12","guid":{"rendered":"http:\/\/insmonturiol.cat\/2n-deso-comenca-el-seu-segon-projecte"},"modified":"2016-03-01T15:57:12","modified_gmt":"2016-03-01T15:57:12","slug":"2n-deso-comenca-el-seu-segon-projecte","status":"publish","type":"post","link":"https:\/\/agora.xtec.cat\/iesnarcismonturiol\/general\/2n-deso-comenca-el-seu-segon-projecte\/","title":{"rendered":"2n d&#8217;ESO comen\u00e7a el seu segon projecte."},"content":{"rendered":"<p><strong>LOS ALUMNOS DEL GRUP DE REFOR\u00c7 DE 2n d&#8217;ESO INICIAN SU SEGUNDO PROYECTO TRANSVERSAL<br \/>\n<\/strong><\/p>\n<p>El martes 19 del pasado enero los alumnos del grupo de refuerzo de 2\u00ba de ESO finalizaron un proyecto transversal. En las \u00faltimas semanas han iniciado un nuevo proyecto tambi\u00e9n transversal, pero con una tem\u00e1tica distinta.<\/p>\n<p>El proyecto finalizado consist\u00eda en crear y presentar \u201cun informativo\u201d de televisi\u00f3n., y en \u00e9l aprendieron los diferentes g\u00e9neros period\u00edsticos, y a escribir noticias y entrevistas para las distintas secciones: pol\u00edtica, internacional, econom\u00eda, cultura y espect\u00e1culos&#8230; Como era un trabajo en grupo, tambi\u00e9n aprendieron a coordinarse y a exponer delante de los compa\u00f1eros.<\/p>\n<p>El segundo proyecto (tambi\u00e9n implica a Matem\u00e1ticas, Castellano y Catal\u00e1n) trata de viajes y transportes: los alumnos cuentan con un presupuesto ficticio y han de organizar\u00a0 completamente \u201cun viaje y una estancia de aprendizaje en un pa\u00eds extranjero\u201d.<\/p>\n<p>Los alumnos valoran positivamente estos proyectos. Primero, porque trabajan en equipo; y, segundo, porque les resulta m\u00e1s interesante ir viendo la aplicaci\u00f3n pr\u00e1ctica de todo lo que aprenden.<\/p>\n","protected":false},"excerpt":{"rendered":"<p>LOS ALUMNOS DEL GRUP DE REFOR\u00c7 DE 2n d&#8217;ESO INICIAN SU SEGUNDO PROYECTO TRANSVERSAL<\/p>\n<p>El martes 19 del pasado enero los alumnos del grupo de refuerzo de 2\u00ba de ESO finalizaron un proyecto transversal. En las \u00faltimas semanas han iniciado un nuevo proyecto tambi\u00e9n transversal, pero&hellip;  <a href=\"https:\/\/agora.xtec.cat\/iesnarcismonturiol\/general\/2n-deso-comenca-el-seu-segon-projecte\/\" title=\"Read 2n d&#8217;ESO comen\u00e7a el seu segon projecte.\">Llegeix m\u00e9s\u00bb<\/a><\/p>\n","protected":false},"author":5,"featured_media":5650,"comment_status":"closed","ping_status":"closed","sticky":false,"template":"","format":"standard","meta":{"_bbp_topic_count":0,"_bbp_reply_count":0,"_bbp_total_topic_count":0,"_bbp_total_reply_count":0,"_bbp_voice_count":0,"_bbp_anonymous_reply_count":0,"_bbp_topic_count_hidden":0,"_bbp_reply_count_hidden":0,"_bbp_forum_subforum_count":0,"footnotes":""},"categories":[120,121,1,131],"tags":[155,313],"class_list":["post-5648","post","type-post","status-publish","format-standard","has-post-thumbnail","hentry","category-castella","category-catala","category-general","category-matematiques-economia","tag-aprenentatge-actiu","tag-treball-per-projectes"],"post_mailing_queue_ids":[],"_links":{"self":[{"href":"https:\/\/agora.xtec.cat\/iesnarcismonturiol\/wp-json\/wp\/v2\/posts\/5648","targetHints":{"allow":["GET"]}}],"collection":[{"href":"https:\/\/agora.xtec.cat\/iesnarcismonturiol\/wp-json\/wp\/v2\/posts"}],"about":[{"href":"https:\/\/agora.xtec.cat\/iesnarcismonturiol\/wp-json\/wp\/v2\/types\/post"}],"author":[{"embeddable":true,"href":"https:\/\/agora.xtec.cat\/iesnarcismonturiol\/wp-json\/wp\/v2\/users\/5"}],"replies":[{"embeddable":true,"href":"https:\/\/agora.xtec.cat\/iesnarcismonturiol\/wp-json\/wp\/v2\/comments?post=5648"}],"version-history":[{"count":0,"href":"https:\/\/agora.xtec.cat\/iesnarcismonturiol\/wp-json\/wp\/v2\/posts\/5648\/revisions"}],"wp:featuredmedia":[{"embeddable":true,"href":"https:\/\/agora.xtec.cat\/iesnarcismonturiol\/wp-json\/wp\/v2\/media\/5650"}],"wp:attachment":[{"href":"https:\/\/agora.xtec.cat\/iesnarcismonturiol\/wp-json\/wp\/v2\/media?parent=5648"}],"wp:term":[{"taxonomy":"category","embeddable":true,"href":"https:\/\/agora.xtec.cat\/iesnarcismonturiol\/wp-json\/wp\/v2\/categories?post=5648"},{"taxonomy":"post_tag","embeddable":true,"href":"https:\/\/agora.xtec.cat\/iesnarcismonturiol\/wp-json\/wp\/v2\/tags?post=5648"}],"curies":[{"name":"wp","href":"https:\/\/api.w.org\/{rel}","templated":true}]}}