{"id":5639,"date":"2016-03-11T08:51:24","date_gmt":"2016-03-11T08:51:24","guid":{"rendered":"http:\/\/insmonturiol.cat\/4t-deso-al-salo-de-lensenyament"},"modified":"2016-03-11T08:51:24","modified_gmt":"2016-03-11T08:51:24","slug":"4t-deso-al-salo-de-lensenyament","status":"publish","type":"post","link":"https:\/\/agora.xtec.cat\/iesnarcismonturiol\/general\/4t-deso-al-salo-de-lensenyament\/","title":{"rendered":"4t d&#8217;ESO al Sal\u00f3 de l&#8217;Ensenyament"},"content":{"rendered":"<div><a href=\"http:\/\/insmonturiol.cat\/wp-content\/uploads\/2016\/03\/IMG_0498.jpg\" rel=\"attachment wp-att-5641\"><img loading=\"lazy\" decoding=\"async\" class=\"aligncenter size-medium wp-image-5641\" src=\"http:\/\/insmonturiol.cat\/wp-content\/uploads\/2016\/03\/IMG_0498-300x169.jpg\" alt=\"IMG_0498\" width=\"300\" height=\"169\" \/><\/a><\/div>\n<div><i>Aquest any\u00a0l&#8217;alumnat de 4t de la ESO del nostre INS ha anat al Sal\u00f3 de l&#8217;Ensenyament de Barcelona dins de les activitats d&#8217;orientaci\u00f3 que duem a terme per tal d&#8217;ajudar-los en la tria dels estudis postobligatoris.\u00a0<\/i><\/div>\n<div><i>All\u00e0 van poder rebre informaci\u00f3 de primera m\u00e0 i contrastar-la amb els diferents estands del Sal\u00f3.<\/i><\/div>\n<div>Sim\u00f3n Aparicio, Orientador.<\/div>\n","protected":false},"excerpt":{"rendered":"<p><a href=\"http:\/\/insmonturiol.cat\/wp-content\/uploads\/2016\/03\/IMG_0498.jpg\" rel=\"attachment wp-att-5641\"><\/a><br \/>\nAquest any\u00a0l&#8217;alumnat de 4t de la ESO del nostre INS ha anat al Sal\u00f3 de l&#8217;Ensenyament de Barcelona dins de les activitats d&#8217;orientaci\u00f3 que duem a terme per tal d&#8217;ajudar-los en la tria dels estudis postobligatoris.\u00a0<br \/>\nAll\u00e0 van poder rebre informaci\u00f3 de primera&hellip;  <a href=\"https:\/\/agora.xtec.cat\/iesnarcismonturiol\/general\/4t-deso-al-salo-de-lensenyament\/\" title=\"Read 4t d&#8217;ESO al Sal\u00f3 de l&#8217;Ensenyament\">Llegeix m\u00e9s\u00bb<\/a><\/p>\n","protected":false},"author":5,"featured_media":5642,"comment_status":"closed","ping_status":"closed","sticky":false,"template":"","format":"standard","meta":{"_bbp_topic_count":0,"_bbp_reply_count":0,"_bbp_total_topic_count":0,"_bbp_total_reply_count":0,"_bbp_voice_count":0,"_bbp_anonymous_reply_count":0,"_bbp_topic_count_hidden":0,"_bbp_reply_count_hidden":0,"_bbp_forum_subforum_count":0,"footnotes":""},"categories":[1],"tags":[273,318],"class_list":["post-5639","post","type-post","status-publish","format-standard","has-post-thumbnail","hentry","category-general","tag-orientacio","tag-tutoria"],"post_mailing_queue_ids":[],"_links":{"self":[{"href":"https:\/\/agora.xtec.cat\/iesnarcismonturiol\/wp-json\/wp\/v2\/posts\/5639","targetHints":{"allow":["GET"]}}],"collection":[{"href":"https:\/\/agora.xtec.cat\/iesnarcismonturiol\/wp-json\/wp\/v2\/posts"}],"about":[{"href":"https:\/\/agora.xtec.cat\/iesnarcismonturiol\/wp-json\/wp\/v2\/types\/post"}],"author":[{"embeddable":true,"href":"https:\/\/agora.xtec.cat\/iesnarcismonturiol\/wp-json\/wp\/v2\/users\/5"}],"replies":[{"embeddable":true,"href":"https:\/\/agora.xtec.cat\/iesnarcismonturiol\/wp-json\/wp\/v2\/comments?post=5639"}],"version-history":[{"count":0,"href":"https:\/\/agora.xtec.cat\/iesnarcismonturiol\/wp-json\/wp\/v2\/posts\/5639\/revisions"}],"wp:featuredmedia":[{"embeddable":true,"href":"https:\/\/agora.xtec.cat\/iesnarcismonturiol\/wp-json\/wp\/v2\/media\/5642"}],"wp:attachment":[{"href":"https:\/\/agora.xtec.cat\/iesnarcismonturiol\/wp-json\/wp\/v2\/media?parent=5639"}],"wp:term":[{"taxonomy":"category","embeddable":true,"href":"https:\/\/agora.xtec.cat\/iesnarcismonturiol\/wp-json\/wp\/v2\/categories?post=5639"},{"taxonomy":"post_tag","embeddable":true,"href":"https:\/\/agora.xtec.cat\/iesnarcismonturiol\/wp-json\/wp\/v2\/tags?post=5639"}],"curies":[{"name":"wp","href":"https:\/\/api.w.org\/{rel}","templated":true}]}}