{"id":5634,"date":"2016-03-02T15:54:39","date_gmt":"2016-03-02T15:54:39","guid":{"rendered":"http:\/\/insmonturiol.cat\/a-1r-deso-tenim-molt-swing"},"modified":"2016-03-02T15:54:39","modified_gmt":"2016-03-02T15:54:39","slug":"a-1r-deso-tenim-molt-swing","status":"publish","type":"post","link":"https:\/\/agora.xtec.cat\/iesnarcismonturiol\/general\/a-1r-deso-tenim-molt-swing\/","title":{"rendered":"A 1r d&#8217;ESO tenim molt swing!!!"},"content":{"rendered":"<p><strong><u>A 1r d\u00b4ESO tenim molt swing!<\/u><\/strong><\/p>\n<p>El dimarts 1 de mar\u00e7, els alumnes de 1r d\u00b4ESO hem anat al Palau de la M\u00fasica a veure l\u00b4espectacle Jazz en viu\u2026 Swing!, acompanyats de la Sabina (Tecnologia), Aida (Matem\u00e0tiques), Magdalena (M\u00fasica), i les dues professores en pr\u00e0ctiques, Isabel i N\u00faria.<\/p>\n<p>Dintre d\u00b4aquest fant\u00e0stic i magn\u00edfic edifici, hem fet un recorregut pels diferents tipus de jazz (gospel, swing, claqu\u00e9, blues\u2026) combinant la instrumentaci\u00f3 de la\u00a0Big\u00a0Band\u00a0del Taller de M\u00fasics, la dansa dels swings man\u00edacs, la veu, l\u00b4espectacle&#8230;ha\u00a0estat for\u00e7a divertit!<\/p>\n<p>No\u00a0perdeu\u00a0el swing!<\/p>\n<p>Magda Garcia, professora de m\u00fasica<\/p>\n","protected":false},"excerpt":{"rendered":"<p>A 1r d\u00b4ESO tenim molt swing!<br \/>\nEl dimarts 1 de mar\u00e7, els alumnes de 1r d\u00b4ESO hem anat al Palau de la M\u00fasica a veure l\u00b4espectacle Jazz en viu\u2026 Swing!, acompanyats de la Sabina (Tecnologia), Aida (Matem\u00e0tiques), Magdalena (M\u00fasica), i les dues professores en pr\u00e0ctiques, Isabel&hellip;  <a href=\"https:\/\/agora.xtec.cat\/iesnarcismonturiol\/general\/a-1r-deso-tenim-molt-swing\/\" title=\"Read A 1r d&#8217;ESO tenim molt swing!!!\">Llegeix m\u00e9s\u00bb<\/a><\/p>\n","protected":false},"author":5,"featured_media":5635,"comment_status":"closed","ping_status":"closed","sticky":false,"template":"","format":"standard","meta":{"_bbp_topic_count":0,"_bbp_reply_count":0,"_bbp_total_topic_count":0,"_bbp_total_reply_count":0,"_bbp_voice_count":0,"_bbp_anonymous_reply_count":0,"_bbp_topic_count_hidden":0,"_bbp_reply_count_hidden":0,"_bbp_forum_subforum_count":0,"footnotes":""},"categories":[128,1],"tags":[263,274],"class_list":["post-5634","post","type-post","status-publish","format-standard","has-post-thumbnail","hentry","category-expressio","category-general","tag-musica","tag-palau-de-la-musica"],"post_mailing_queue_ids":[],"_links":{"self":[{"href":"https:\/\/agora.xtec.cat\/iesnarcismonturiol\/wp-json\/wp\/v2\/posts\/5634","targetHints":{"allow":["GET"]}}],"collection":[{"href":"https:\/\/agora.xtec.cat\/iesnarcismonturiol\/wp-json\/wp\/v2\/posts"}],"about":[{"href":"https:\/\/agora.xtec.cat\/iesnarcismonturiol\/wp-json\/wp\/v2\/types\/post"}],"author":[{"embeddable":true,"href":"https:\/\/agora.xtec.cat\/iesnarcismonturiol\/wp-json\/wp\/v2\/users\/5"}],"replies":[{"embeddable":true,"href":"https:\/\/agora.xtec.cat\/iesnarcismonturiol\/wp-json\/wp\/v2\/comments?post=5634"}],"version-history":[{"count":0,"href":"https:\/\/agora.xtec.cat\/iesnarcismonturiol\/wp-json\/wp\/v2\/posts\/5634\/revisions"}],"wp:featuredmedia":[{"embeddable":true,"href":"https:\/\/agora.xtec.cat\/iesnarcismonturiol\/wp-json\/wp\/v2\/media\/5635"}],"wp:attachment":[{"href":"https:\/\/agora.xtec.cat\/iesnarcismonturiol\/wp-json\/wp\/v2\/media?parent=5634"}],"wp:term":[{"taxonomy":"category","embeddable":true,"href":"https:\/\/agora.xtec.cat\/iesnarcismonturiol\/wp-json\/wp\/v2\/categories?post=5634"},{"taxonomy":"post_tag","embeddable":true,"href":"https:\/\/agora.xtec.cat\/iesnarcismonturiol\/wp-json\/wp\/v2\/tags?post=5634"}],"curies":[{"name":"wp","href":"https:\/\/api.w.org\/{rel}","templated":true}]}}