{"id":5632,"date":"2016-02-17T15:51:59","date_gmt":"2016-02-17T15:51:59","guid":{"rendered":"http:\/\/insmonturiol.cat\/lopera-una-emocio-3r-deso-al-liceu"},"modified":"2016-02-17T15:51:59","modified_gmt":"2016-02-17T15:51:59","slug":"lopera-una-emocio-3r-deso-al-liceu","status":"publish","type":"post","link":"https:\/\/agora.xtec.cat\/iesnarcismonturiol\/general\/lopera-una-emocio-3r-deso-al-liceu\/","title":{"rendered":"L&#8217;\u00f2pera una emoci\u00f3, 3r d&#8217;ESO al Liceu"},"content":{"rendered":"<div>Aqu\u00ed tens el comentari.<\/div>\n<div><\/div>\n<div>\n<p><b><u>L\u00b4\u00f2pera una emoci\u00f3. A 3r d\u00b4ESO anem al Liceu<\/u><\/b><\/p>\n<p>Dimarts 16 de febrer, l\u00b4alumnat de 3r d\u00b4ESO, particip\u00e0 a l\u00b4activitat L\u00b4\u00f2pera: una emoci\u00f3, acompanyat dels seus professors d\u00b4Educaci\u00f3 F\u00edsica,\u00a0Tecnologia\u00a0i M\u00fasica, comptant amb la gran ajuda d\u00b4Isabel Ribera.<\/p>\n<p>L\u00b4activitat comen\u00e7\u00e0 amb una breu visita al teatre,\u00a0on\u00a0ens van explicar la seva hist\u00f2ria, finalitzant al\u00a0Foyer,\u00a0on\u00a0un audiovisual ens mostr\u00e0 alguns fragments d\u00b4\u00f2pera, aix\u00ed com tota la feina qu\u00e8 hi ha darrere dels escenaris: escenificaci\u00f3, perruqueria, vestuari,\u00a0assajos, il\u00b7luminaci\u00f3\u2026<\/p>\n<\/div>\n<div><\/div>\n<div>Magda Garc\u00eda, professora de m\u00fasica.<\/div>\n<div><\/div>\n<div><\/div>\n","protected":false},"excerpt":{"rendered":"<p>Aqu\u00ed tens el comentari.<\/p>\n<p>L\u00b4\u00f2pera una emoci\u00f3. A 3r d\u00b4ESO anem al Liceu<br \/>\nDimarts 16 de febrer, l\u00b4alumnat de 3r d\u00b4ESO, particip\u00e0 a l\u00b4activitat L\u00b4\u00f2pera: una emoci\u00f3, acompanyat dels seus professors d\u00b4Educaci\u00f3 F\u00edsica,\u00a0Tecnologia\u00a0i M\u00fasica, comptant amb la gran ajuda d\u00b4Isabel Ribera.<br \/>\nL\u00b4activitat comen\u00e7\u00e0 amb una breu visita al&hellip;  <a href=\"https:\/\/agora.xtec.cat\/iesnarcismonturiol\/general\/lopera-una-emocio-3r-deso-al-liceu\/\" title=\"Read L&#8217;\u00f2pera una emoci\u00f3, 3r d&#8217;ESO al Liceu\">Llegeix m\u00e9s\u00bb<\/a><\/p>\n","protected":false},"author":5,"featured_media":6895,"comment_status":"open","ping_status":"open","sticky":false,"template":"","format":"standard","meta":{"_bbp_topic_count":0,"_bbp_reply_count":0,"_bbp_total_topic_count":0,"_bbp_total_reply_count":0,"_bbp_voice_count":0,"_bbp_anonymous_reply_count":0,"_bbp_topic_count_hidden":0,"_bbp_reply_count_hidden":0,"_bbp_forum_subforum_count":0,"footnotes":""},"categories":[128,1],"tags":[243,263,270],"class_list":["post-5632","post","type-post","status-publish","format-standard","has-post-thumbnail","hentry","category-expressio","category-general","tag-liceu","tag-musica","tag-opera"],"post_mailing_queue_ids":[],"_links":{"self":[{"href":"https:\/\/agora.xtec.cat\/iesnarcismonturiol\/wp-json\/wp\/v2\/posts\/5632","targetHints":{"allow":["GET"]}}],"collection":[{"href":"https:\/\/agora.xtec.cat\/iesnarcismonturiol\/wp-json\/wp\/v2\/posts"}],"about":[{"href":"https:\/\/agora.xtec.cat\/iesnarcismonturiol\/wp-json\/wp\/v2\/types\/post"}],"author":[{"embeddable":true,"href":"https:\/\/agora.xtec.cat\/iesnarcismonturiol\/wp-json\/wp\/v2\/users\/5"}],"replies":[{"embeddable":true,"href":"https:\/\/agora.xtec.cat\/iesnarcismonturiol\/wp-json\/wp\/v2\/comments?post=5632"}],"version-history":[{"count":0,"href":"https:\/\/agora.xtec.cat\/iesnarcismonturiol\/wp-json\/wp\/v2\/posts\/5632\/revisions"}],"wp:featuredmedia":[{"embeddable":true,"href":"https:\/\/agora.xtec.cat\/iesnarcismonturiol\/wp-json\/wp\/v2\/media\/6895"}],"wp:attachment":[{"href":"https:\/\/agora.xtec.cat\/iesnarcismonturiol\/wp-json\/wp\/v2\/media?parent=5632"}],"wp:term":[{"taxonomy":"category","embeddable":true,"href":"https:\/\/agora.xtec.cat\/iesnarcismonturiol\/wp-json\/wp\/v2\/categories?post=5632"},{"taxonomy":"post_tag","embeddable":true,"href":"https:\/\/agora.xtec.cat\/iesnarcismonturiol\/wp-json\/wp\/v2\/tags?post=5632"}],"curies":[{"name":"wp","href":"https:\/\/api.w.org\/{rel}","templated":true}]}}