{"id":5627,"date":"2016-03-04T15:50:51","date_gmt":"2016-03-04T15:50:51","guid":{"rendered":"http:\/\/insmonturiol.cat\/aula-mobil-1r-deso-a-lacte-de-cloenda-del-projecte"},"modified":"2016-03-04T15:50:51","modified_gmt":"2016-03-04T15:50:51","slug":"aula-mobil-1r-deso-a-lacte-de-cloenda-del-projecte","status":"publish","type":"post","link":"https:\/\/agora.xtec.cat\/iesnarcismonturiol\/general\/aula-mobil-1r-deso-a-lacte-de-cloenda-del-projecte\/","title":{"rendered":"Aula M\u00f2bil, 1r d&#8217;ESO a l&#8217;acte de Cloenda del Projecte."},"content":{"rendered":"<p><a href=\"http:\/\/insmonturiol.cat\/wp-content\/uploads\/2016\/03\/IMG_20160304_1003281.jpg\" rel=\"attachment wp-att-5625\"><img loading=\"lazy\" decoding=\"async\" class=\"aligncenter size-medium wp-image-5625\" src=\"http:\/\/insmonturiol.cat\/wp-content\/uploads\/2016\/03\/IMG_20160304_1003281-300x225.jpg\" alt=\"IMG_20160304_100328(1)\" width=\"300\" height=\"225\" srcset=\"https:\/\/agora.xtec.cat\/iesnarcismonturiol\/wp-content\/uploads\/usu2521\/2016\/03\/IMG_20160304_1003281-300x225.jpg 300w, https:\/\/agora.xtec.cat\/iesnarcismonturiol\/wp-content\/uploads\/usu2521\/2016\/03\/IMG_20160304_1003281-1024x768.jpg 1024w, https:\/\/agora.xtec.cat\/iesnarcismonturiol\/wp-content\/uploads\/usu2521\/2016\/03\/IMG_20160304_1003281-768x576.jpg 768w, https:\/\/agora.xtec.cat\/iesnarcismonturiol\/wp-content\/uploads\/usu2521\/2016\/03\/IMG_20160304_1003281-1536x1152.jpg 1536w, https:\/\/agora.xtec.cat\/iesnarcismonturiol\/wp-content\/uploads\/usu2521\/2016\/03\/IMG_20160304_1003281-2048x1536.jpg 2048w, https:\/\/agora.xtec.cat\/iesnarcismonturiol\/wp-content\/uploads\/usu2521\/2016\/03\/IMG_20160304_1003281-200x150.jpg 200w\" sizes=\"auto, (max-width: 300px) 100vw, 300px\" \/><\/a><\/p>\n<p>Avui hem participat a l&#8217;acte de cloenda d&#8217;Aula M\u00f2bil. Hem vist el nostre curt juntament amb la resta de curts dels altres instituts. Ens n&#8217;hem adonat que no som els \u00fanics que volem cr\u00e9ixer en la diversitat i que tots junts tenim moltes idees i voluntats per trobar solucions als problemes de conviv\u00e8ncia. Un dia magn\u00edfic en el que ens ho hem passat molt b\u00e9. Ens ha agradat molt. L&#8217; any que ve repetim.<\/p>\n<p>David Larrad, responsable del Projecte Aprenentatge Actiu<\/p>\n<p>&nbsp;<\/p>\n<p>feu click per con\u00e8ixer el projecte <a href=\"https:\/\/w110.bcn.cat\/portal\/site\/Educacio\/menuitem.e0bfd6f3c870ddcc43a043a0a2ef8a0c\/?vgnextoid=faf49f682c1d9410VgnVCM1000001947900aRCRD&amp;lang=ca_ES\" target=\"_blank\" rel=\"noopener\">Aula m\u00f2bil <\/a><\/p>\n","protected":false},"excerpt":{"rendered":"<p><a href=\"http:\/\/insmonturiol.cat\/wp-content\/uploads\/2016\/03\/IMG_20160304_1003281.jpg\" rel=\"attachment wp-att-5625\"><\/a><br \/>\nAvui hem participat a l&#8217;acte de cloenda d&#8217;Aula M\u00f2bil. Hem vist el nostre curt juntament amb la resta de curts dels altres instituts. Ens n&#8217;hem adonat que no som els \u00fanics que volem cr\u00e9ixer en la diversitat i que tots junts tenim&hellip;  <a href=\"https:\/\/agora.xtec.cat\/iesnarcismonturiol\/general\/aula-mobil-1r-deso-a-lacte-de-cloenda-del-projecte\/\" title=\"Read Aula M\u00f2bil, 1r d&#8217;ESO a l&#8217;acte de Cloenda del Projecte.\">Llegeix m\u00e9s\u00bb<\/a><\/p>\n","protected":false},"author":5,"featured_media":5629,"comment_status":"closed","ping_status":"closed","sticky":false,"template":"","format":"standard","meta":{"_bbp_topic_count":0,"_bbp_reply_count":0,"_bbp_total_topic_count":0,"_bbp_total_reply_count":0,"_bbp_voice_count":0,"_bbp_anonymous_reply_count":0,"_bbp_topic_count_hidden":0,"_bbp_reply_count_hidden":0,"_bbp_forum_subforum_count":0,"footnotes":""},"categories":[123,128,1,131],"tags":[155,158,313],"class_list":["post-5627","post","type-post","status-publish","format-standard","has-post-thumbnail","hentry","category-ciencies-socials","category-expressio","category-general","category-matematiques-economia","tag-aprenentatge-actiu","tag-aula-mobil","tag-treball-per-projectes"],"post_mailing_queue_ids":[],"_links":{"self":[{"href":"https:\/\/agora.xtec.cat\/iesnarcismonturiol\/wp-json\/wp\/v2\/posts\/5627","targetHints":{"allow":["GET"]}}],"collection":[{"href":"https:\/\/agora.xtec.cat\/iesnarcismonturiol\/wp-json\/wp\/v2\/posts"}],"about":[{"href":"https:\/\/agora.xtec.cat\/iesnarcismonturiol\/wp-json\/wp\/v2\/types\/post"}],"author":[{"embeddable":true,"href":"https:\/\/agora.xtec.cat\/iesnarcismonturiol\/wp-json\/wp\/v2\/users\/5"}],"replies":[{"embeddable":true,"href":"https:\/\/agora.xtec.cat\/iesnarcismonturiol\/wp-json\/wp\/v2\/comments?post=5627"}],"version-history":[{"count":0,"href":"https:\/\/agora.xtec.cat\/iesnarcismonturiol\/wp-json\/wp\/v2\/posts\/5627\/revisions"}],"wp:featuredmedia":[{"embeddable":true,"href":"https:\/\/agora.xtec.cat\/iesnarcismonturiol\/wp-json\/wp\/v2\/media\/5629"}],"wp:attachment":[{"href":"https:\/\/agora.xtec.cat\/iesnarcismonturiol\/wp-json\/wp\/v2\/media?parent=5627"}],"wp:term":[{"taxonomy":"category","embeddable":true,"href":"https:\/\/agora.xtec.cat\/iesnarcismonturiol\/wp-json\/wp\/v2\/categories?post=5627"},{"taxonomy":"post_tag","embeddable":true,"href":"https:\/\/agora.xtec.cat\/iesnarcismonturiol\/wp-json\/wp\/v2\/tags?post=5627"}],"curies":[{"name":"wp","href":"https:\/\/api.w.org\/{rel}","templated":true}]}}