{"id":5614,"date":"2016-02-19T15:35:21","date_gmt":"2016-02-19T15:35:21","guid":{"rendered":"http:\/\/insmonturiol.cat\/4t-deso-a-la-filmoteca-comencem-el-projecte-deprop"},"modified":"2016-02-19T15:35:21","modified_gmt":"2016-02-19T15:35:21","slug":"4t-deso-a-la-filmoteca-comencem-el-projecte-deprop","status":"publish","type":"post","link":"https:\/\/agora.xtec.cat\/iesnarcismonturiol\/general\/4t-deso-a-la-filmoteca-comencem-el-projecte-deprop\/","title":{"rendered":"4t d&#8217;ESO a la Filmoteca, comencem el Projecte Deprop"},"content":{"rendered":"<p><a href=\"http:\/\/insmonturiol.cat\/wp-content\/uploads\/2016\/02\/IMG_20160219_122303.jpg\" rel=\"attachment wp-att-5615\"><img loading=\"lazy\" decoding=\"async\" class=\"aligncenter size-medium wp-image-5615\" src=\"http:\/\/insmonturiol.cat\/wp-content\/uploads\/2016\/02\/IMG_20160219_122303-300x169.jpg\" alt=\"IMG_20160219_122303\" width=\"300\" height=\"169\" srcset=\"https:\/\/agora.xtec.cat\/iesnarcismonturiol\/wp-content\/uploads\/usu2521\/2016\/02\/IMG_20160219_122303-300x169.jpg 300w, https:\/\/agora.xtec.cat\/iesnarcismonturiol\/wp-content\/uploads\/usu2521\/2016\/02\/IMG_20160219_122303-1024x576.jpg 1024w, https:\/\/agora.xtec.cat\/iesnarcismonturiol\/wp-content\/uploads\/usu2521\/2016\/02\/IMG_20160219_122303-768x432.jpg 768w, https:\/\/agora.xtec.cat\/iesnarcismonturiol\/wp-content\/uploads\/usu2521\/2016\/02\/IMG_20160219_122303-1536x864.jpg 1536w, https:\/\/agora.xtec.cat\/iesnarcismonturiol\/wp-content\/uploads\/usu2521\/2016\/02\/IMG_20160219_122303-2048x1152.jpg 2048w\" sizes=\"auto, (max-width: 300px) 100vw, 300px\" \/><\/a>L&#8217;alumnat de 4t d&#8217;ESO de la mat\u00e8ria de M\u00fasica i Cinema hem anat a la Filmoteca per assistir a la Master Class d&#8217;en Pep Garrido, conegut cineasta que des del curs 2011-2012 \u00a0col\u00b7labora amb el nostre institut en el projecte Cinema en Curs,<\/p>\n<p>Amb ell ens hem endinsat en com el treball dels directors de cinema ens fan sentir, emfatitzar, viure les emocions dels personatges dels seus films, en la forma com aquests personatges de ficci\u00f3 viuen els sentiments i com ens els fan nostres.\u00a0Convertir el cinema en veritat viva \u00e9s tot un repte per qui es posa darrera la c\u00e0mera, per tal de filmar amb intensitat qui est\u00e0 davant i fer vibrar a l&#8217;espectador.<\/p>\n<p>David Larrad, professor de M\u00fasica i Cinema.<\/p>\n","protected":false},"excerpt":{"rendered":"<p><a href=\"http:\/\/insmonturiol.cat\/wp-content\/uploads\/2016\/02\/IMG_20160219_122303.jpg\" rel=\"attachment wp-att-5615\"><\/a>L&#8217;alumnat de 4t d&#8217;ESO de la mat\u00e8ria de M\u00fasica i Cinema hem anat a la Filmoteca per assistir a la Master Class d&#8217;en Pep Garrido, conegut cineasta que des del curs 2011-2012 \u00a0col\u00b7labora amb el nostre institut en el projecte Cinema en&hellip;  <a href=\"https:\/\/agora.xtec.cat\/iesnarcismonturiol\/general\/4t-deso-a-la-filmoteca-comencem-el-projecte-deprop\/\" title=\"Read 4t d&#8217;ESO a la Filmoteca, comencem el Projecte Deprop\">Llegeix m\u00e9s\u00bb<\/a><\/p>\n","protected":false},"author":5,"featured_media":5618,"comment_status":"closed","ping_status":"closed","sticky":false,"template":"","format":"standard","meta":{"_bbp_topic_count":0,"_bbp_reply_count":0,"_bbp_total_topic_count":0,"_bbp_total_reply_count":0,"_bbp_voice_count":0,"_bbp_anonymous_reply_count":0,"_bbp_topic_count_hidden":0,"_bbp_reply_count_hidden":0,"_bbp_forum_subforum_count":0,"footnotes":""},"categories":[128,1],"tags":[178,194],"class_list":["post-5614","post","type-post","status-publish","format-standard","has-post-thumbnail","hentry","category-expressio","category-general","tag-cinema","tag-deprop"],"post_mailing_queue_ids":[],"_links":{"self":[{"href":"https:\/\/agora.xtec.cat\/iesnarcismonturiol\/wp-json\/wp\/v2\/posts\/5614","targetHints":{"allow":["GET"]}}],"collection":[{"href":"https:\/\/agora.xtec.cat\/iesnarcismonturiol\/wp-json\/wp\/v2\/posts"}],"about":[{"href":"https:\/\/agora.xtec.cat\/iesnarcismonturiol\/wp-json\/wp\/v2\/types\/post"}],"author":[{"embeddable":true,"href":"https:\/\/agora.xtec.cat\/iesnarcismonturiol\/wp-json\/wp\/v2\/users\/5"}],"replies":[{"embeddable":true,"href":"https:\/\/agora.xtec.cat\/iesnarcismonturiol\/wp-json\/wp\/v2\/comments?post=5614"}],"version-history":[{"count":0,"href":"https:\/\/agora.xtec.cat\/iesnarcismonturiol\/wp-json\/wp\/v2\/posts\/5614\/revisions"}],"wp:featuredmedia":[{"embeddable":true,"href":"https:\/\/agora.xtec.cat\/iesnarcismonturiol\/wp-json\/"}],"wp:attachment":[{"href":"https:\/\/agora.xtec.cat\/iesnarcismonturiol\/wp-json\/wp\/v2\/media?parent=5614"}],"wp:term":[{"taxonomy":"category","embeddable":true,"href":"https:\/\/agora.xtec.cat\/iesnarcismonturiol\/wp-json\/wp\/v2\/categories?post=5614"},{"taxonomy":"post_tag","embeddable":true,"href":"https:\/\/agora.xtec.cat\/iesnarcismonturiol\/wp-json\/wp\/v2\/tags?post=5614"}],"curies":[{"name":"wp","href":"https:\/\/api.w.org\/{rel}","templated":true}]}}