{"id":5604,"date":"2015-12-01T14:26:46","date_gmt":"2015-12-01T14:26:46","guid":{"rendered":"http:\/\/insmonturiol.cat\/2n-deso-a-la-biblioteca-albert-perez-i-baro"},"modified":"2015-12-01T14:26:46","modified_gmt":"2015-12-01T14:26:46","slug":"2n-deso-a-la-biblioteca-albert-perez-i-baro","status":"publish","type":"post","link":"https:\/\/agora.xtec.cat\/iesnarcismonturiol\/general\/2n-deso-a-la-biblioteca-albert-perez-i-baro\/","title":{"rendered":"2n d&#8217;ESO a la Biblioteca Albert P\u00e9rez i Bar\u00f3"},"content":{"rendered":"<p>El mi\u00e9rcoles 4 de noviembre, los alumnos de segundo de ESO del Narc\u00eds Monturiol visitaron, acompa\u00f1ados de los profesores de Llengua catalana de Llengua castellana,&nbsp;la Biblioteca Albert P\u00e9rez Bar\u00f3, en el barrio de Montbau.<\/p>\n<p>En la visita aprendieron cosas sobre el sistema de clasificaci\u00f3n de libros, revistas discos, etc., y tambi\u00e9n c\u00f3mo se hacen las b\u00fasquedas en los ordenadores. Todo ello mientras conoc\u00edan las nuevas instalaciones de la biblioteca, que hab\u00eda permanecido unos meses cerrada debido a las obras de rehabilitaci\u00f3n y mejora.<\/p>\n<p>Todos valoraron positivamente la salida, porque aprendieron a usar un equipamiento que les sirve para los estudios y para el ocio, y que, adem\u00e1s, les queda muy cerca del instituto.<br \/>\n<em>M\u00edriam C\u00e1ceres i Ivan Ballesteros<\/em><\/p>\n","protected":false},"excerpt":{"rendered":"<p>El mi\u00e9rcoles 4 de noviembre, los alumnos de segundo de ESO del Narc\u00eds Monturiol visitaron, acompa\u00f1ados de los profesores de Llengua catalana de Llengua castellana,&nbsp;la Biblioteca Albert P\u00e9rez Bar\u00f3, en el barrio de Montbau.<br \/>\nEn la visita aprendieron cosas sobre el sistema de clasificaci\u00f3n de libros,&hellip;  <a href=\"https:\/\/agora.xtec.cat\/iesnarcismonturiol\/general\/2n-deso-a-la-biblioteca-albert-perez-i-baro\/\" title=\"Read 2n d&#8217;ESO a la Biblioteca Albert P\u00e9rez i Bar\u00f3\">Llegeix m\u00e9s\u00bb<\/a><\/p>\n","protected":false},"author":5,"featured_media":5605,"comment_status":"closed","ping_status":"closed","sticky":false,"template":"","format":"standard","meta":{"_bbp_topic_count":0,"_bbp_reply_count":0,"_bbp_total_topic_count":0,"_bbp_total_reply_count":0,"_bbp_voice_count":0,"_bbp_anonymous_reply_count":0,"_bbp_topic_count_hidden":0,"_bbp_reply_count_hidden":0,"_bbp_forum_subforum_count":0,"footnotes":""},"categories":[1],"tags":[],"class_list":["post-5604","post","type-post","status-publish","format-standard","has-post-thumbnail","hentry","category-general"],"post_mailing_queue_ids":[],"_links":{"self":[{"href":"https:\/\/agora.xtec.cat\/iesnarcismonturiol\/wp-json\/wp\/v2\/posts\/5604","targetHints":{"allow":["GET"]}}],"collection":[{"href":"https:\/\/agora.xtec.cat\/iesnarcismonturiol\/wp-json\/wp\/v2\/posts"}],"about":[{"href":"https:\/\/agora.xtec.cat\/iesnarcismonturiol\/wp-json\/wp\/v2\/types\/post"}],"author":[{"embeddable":true,"href":"https:\/\/agora.xtec.cat\/iesnarcismonturiol\/wp-json\/wp\/v2\/users\/5"}],"replies":[{"embeddable":true,"href":"https:\/\/agora.xtec.cat\/iesnarcismonturiol\/wp-json\/wp\/v2\/comments?post=5604"}],"version-history":[{"count":0,"href":"https:\/\/agora.xtec.cat\/iesnarcismonturiol\/wp-json\/wp\/v2\/posts\/5604\/revisions"}],"wp:featuredmedia":[{"embeddable":true,"href":"https:\/\/agora.xtec.cat\/iesnarcismonturiol\/wp-json\/wp\/v2\/media\/5605"}],"wp:attachment":[{"href":"https:\/\/agora.xtec.cat\/iesnarcismonturiol\/wp-json\/wp\/v2\/media?parent=5604"}],"wp:term":[{"taxonomy":"category","embeddable":true,"href":"https:\/\/agora.xtec.cat\/iesnarcismonturiol\/wp-json\/wp\/v2\/categories?post=5604"},{"taxonomy":"post_tag","embeddable":true,"href":"https:\/\/agora.xtec.cat\/iesnarcismonturiol\/wp-json\/wp\/v2\/tags?post=5604"}],"curies":[{"name":"wp","href":"https:\/\/api.w.org\/{rel}","templated":true}]}}