{"id":5597,"date":"2016-02-09T07:09:28","date_gmt":"2016-02-09T07:09:28","guid":{"rendered":"http:\/\/insmonturiol.cat\/son-les-7-de-mati-marxem-a-esquiar"},"modified":"2016-02-09T07:09:28","modified_gmt":"2016-02-09T07:09:28","slug":"son-les-7-de-mati-marxem-a-esquiar","status":"publish","type":"post","link":"https:\/\/agora.xtec.cat\/iesnarcismonturiol\/general\/son-les-7-de-mati-marxem-a-esquiar\/","title":{"rendered":"S\u00f3n les 7 de mat\u00ed&#8230; Marxem a Esquiar!!!!!"},"content":{"rendered":"<p>Per fi ha arribat el dia!<\/p>\n<p>S\u00f3n les 7 del mat\u00ed, avui veiem l&#8217;Institut amb uns altres ulls perqu\u00e8 ens acomiadem d&#8217;ell fins dijous&#8230;&#8230; ho tenim tot preparat, tothom a l&#8217;autocar!<\/p>\n<p>Marxem a esquiar a La Molina!!!<\/p>\n","protected":false},"excerpt":{"rendered":"<p>Per fi ha arribat el dia!<br \/>\nS\u00f3n les 7 del mat\u00ed, avui veiem l&#8217;Institut amb uns altres ulls perqu\u00e8 ens acomiadem d&#8217;ell fins dijous&#8230;&#8230; ho tenim tot preparat, tothom a l&#8217;autocar!<br \/>\nMarxem a esquiar a La Molina!!!<\/p>\n","protected":false},"author":5,"featured_media":5598,"comment_status":"closed","ping_status":"closed","sticky":false,"template":"","format":"standard","meta":{"_bbp_topic_count":0,"_bbp_reply_count":0,"_bbp_total_topic_count":0,"_bbp_total_reply_count":0,"_bbp_voice_count":0,"_bbp_anonymous_reply_count":0,"_bbp_topic_count_hidden":0,"_bbp_reply_count_hidden":0,"_bbp_forum_subforum_count":0,"footnotes":""},"categories":[1],"tags":[],"class_list":["post-5597","post","type-post","status-publish","format-standard","has-post-thumbnail","hentry","category-general"],"post_mailing_queue_ids":[],"_links":{"self":[{"href":"https:\/\/agora.xtec.cat\/iesnarcismonturiol\/wp-json\/wp\/v2\/posts\/5597","targetHints":{"allow":["GET"]}}],"collection":[{"href":"https:\/\/agora.xtec.cat\/iesnarcismonturiol\/wp-json\/wp\/v2\/posts"}],"about":[{"href":"https:\/\/agora.xtec.cat\/iesnarcismonturiol\/wp-json\/wp\/v2\/types\/post"}],"author":[{"embeddable":true,"href":"https:\/\/agora.xtec.cat\/iesnarcismonturiol\/wp-json\/wp\/v2\/users\/5"}],"replies":[{"embeddable":true,"href":"https:\/\/agora.xtec.cat\/iesnarcismonturiol\/wp-json\/wp\/v2\/comments?post=5597"}],"version-history":[{"count":0,"href":"https:\/\/agora.xtec.cat\/iesnarcismonturiol\/wp-json\/wp\/v2\/posts\/5597\/revisions"}],"wp:featuredmedia":[{"embeddable":true,"href":"https:\/\/agora.xtec.cat\/iesnarcismonturiol\/wp-json\/wp\/v2\/media\/5598"}],"wp:attachment":[{"href":"https:\/\/agora.xtec.cat\/iesnarcismonturiol\/wp-json\/wp\/v2\/media?parent=5597"}],"wp:term":[{"taxonomy":"category","embeddable":true,"href":"https:\/\/agora.xtec.cat\/iesnarcismonturiol\/wp-json\/wp\/v2\/categories?post=5597"},{"taxonomy":"post_tag","embeddable":true,"href":"https:\/\/agora.xtec.cat\/iesnarcismonturiol\/wp-json\/wp\/v2\/tags?post=5597"}],"curies":[{"name":"wp","href":"https:\/\/api.w.org\/{rel}","templated":true}]}}