{"id":5593,"date":"2016-02-03T08:45:02","date_gmt":"2016-02-03T08:45:02","guid":{"rendered":"http:\/\/insmonturiol.cat\/2n-deso-al-reial-monestir-de-pedralbes"},"modified":"2016-02-03T08:45:02","modified_gmt":"2016-02-03T08:45:02","slug":"2n-deso-al-reial-monestir-de-pedralbes","status":"publish","type":"post","link":"https:\/\/agora.xtec.cat\/iesnarcismonturiol\/general\/2n-deso-al-reial-monestir-de-pedralbes\/","title":{"rendered":"2n d&#8217;ESO al Reial Monestir de Pedralbes."},"content":{"rendered":"<p><a href=\"http:\/\/insmonturiol.cat\/wp-content\/uploads\/2016\/02\/DSC_0077.jpg\" rel=\"attachment wp-att-5595\"><img loading=\"lazy\" decoding=\"async\" class=\"aligncenter size-medium wp-image-5595\" src=\"http:\/\/insmonturiol.cat\/wp-content\/uploads\/2016\/02\/DSC_0077-300x169.jpg\" alt=\"DSC_0077\" width=\"300\" height=\"169\" \/><\/a><\/p>\n<p><strong>VISITA AL REIAL MONESTIR DE PEDRALBES \u2013 2n ESO CI\u00c8NCIES SOCIALS<\/strong><\/p>\n<p>El passat 2 de febrer, els alumnes de 2n ESO vam visitar el Reial Monestir de Pedralbes, un convent d\u2019estil g\u00f2tic que va albergar una comunitat de monges clarisses entre 1327 i 1975.<\/p>\n<p>El monestir va ser fundat al 1327 per la reina Elisenda de Montcada, esposa del rei de la Corona d\u2019Arag\u00f3 Jaume II el Just. Vam poder veure la seva tomba, perqu\u00e8 est\u00e0 enterrada en l\u2019interior del monestir.<\/p>\n<p>Dividits en grups, vam fer un recorregut complet per les diferents depend\u00e8ncies del monestir: el claustre, la infermeria, la cuina, el refectori (menjador), el dormitori i l\u2019esgl\u00e9sia, mentre ens explicaven com era la vida de les monges en un monestir medieval. Ens vam poder fer una idea dels horaris, les tasques, el menjar, les medicines i les activitats que feien les monges en aquella \u00e8poca que estem estudiant a les classes de Ci\u00e8ncies Socials:::<\/p>\n<p>Volem agrair la feina de les monitores del Monestir i dels professors acompanyants.<\/p>\n<p>David Fraile, professor de Ci\u00e8ncies Socials<\/p>\n","protected":false},"excerpt":{"rendered":"<p><a href=\"http:\/\/insmonturiol.cat\/wp-content\/uploads\/2016\/02\/DSC_0077.jpg\" rel=\"attachment wp-att-5595\"><\/a><br \/>\nVISITA AL REIAL MONESTIR DE PEDRALBES \u2013 2n ESO CI\u00c8NCIES SOCIALS<br \/>\nEl passat 2 de febrer, els alumnes de 2n ESO vam visitar el Reial Monestir de Pedralbes, un convent d\u2019estil g\u00f2tic que va albergar una comunitat de monges clarisses entre 1327 i&hellip;  <a href=\"https:\/\/agora.xtec.cat\/iesnarcismonturiol\/general\/2n-deso-al-reial-monestir-de-pedralbes\/\" title=\"Read 2n d&#8217;ESO al Reial Monestir de Pedralbes.\">Llegeix m\u00e9s\u00bb<\/a><\/p>\n","protected":false},"author":5,"featured_media":5594,"comment_status":"open","ping_status":"open","sticky":false,"template":"","format":"standard","meta":{"_bbp_topic_count":0,"_bbp_reply_count":0,"_bbp_total_topic_count":0,"_bbp_total_reply_count":0,"_bbp_voice_count":0,"_bbp_anonymous_reply_count":0,"_bbp_topic_count_hidden":0,"_bbp_reply_count_hidden":0,"_bbp_forum_subforum_count":0,"footnotes":""},"categories":[123,1],"tags":[],"class_list":["post-5593","post","type-post","status-publish","format-standard","has-post-thumbnail","hentry","category-ciencies-socials","category-general"],"post_mailing_queue_ids":[],"_links":{"self":[{"href":"https:\/\/agora.xtec.cat\/iesnarcismonturiol\/wp-json\/wp\/v2\/posts\/5593","targetHints":{"allow":["GET"]}}],"collection":[{"href":"https:\/\/agora.xtec.cat\/iesnarcismonturiol\/wp-json\/wp\/v2\/posts"}],"about":[{"href":"https:\/\/agora.xtec.cat\/iesnarcismonturiol\/wp-json\/wp\/v2\/types\/post"}],"author":[{"embeddable":true,"href":"https:\/\/agora.xtec.cat\/iesnarcismonturiol\/wp-json\/wp\/v2\/users\/5"}],"replies":[{"embeddable":true,"href":"https:\/\/agora.xtec.cat\/iesnarcismonturiol\/wp-json\/wp\/v2\/comments?post=5593"}],"version-history":[{"count":0,"href":"https:\/\/agora.xtec.cat\/iesnarcismonturiol\/wp-json\/wp\/v2\/posts\/5593\/revisions"}],"wp:featuredmedia":[{"embeddable":true,"href":"https:\/\/agora.xtec.cat\/iesnarcismonturiol\/wp-json\/wp\/v2\/media\/5594"}],"wp:attachment":[{"href":"https:\/\/agora.xtec.cat\/iesnarcismonturiol\/wp-json\/wp\/v2\/media?parent=5593"}],"wp:term":[{"taxonomy":"category","embeddable":true,"href":"https:\/\/agora.xtec.cat\/iesnarcismonturiol\/wp-json\/wp\/v2\/categories?post=5593"},{"taxonomy":"post_tag","embeddable":true,"href":"https:\/\/agora.xtec.cat\/iesnarcismonturiol\/wp-json\/wp\/v2\/tags?post=5593"}],"curies":[{"name":"wp","href":"https:\/\/api.w.org\/{rel}","templated":true}]}}