{"id":5586,"date":"2016-01-28T08:27:24","date_gmt":"2016-01-28T08:27:24","guid":{"rendered":"http:\/\/insmonturiol.cat\/el-cafe-de-la-granota-2n-de-batxillerat-al-sat"},"modified":"2016-01-28T08:27:24","modified_gmt":"2016-01-28T08:27:24","slug":"el-cafe-de-la-granota-2n-de-batxillerat-al-sat-3","status":"publish","type":"post","link":"https:\/\/agora.xtec.cat\/iesnarcismonturiol\/general\/el-cafe-de-la-granota-2n-de-batxillerat-al-sat-3\/","title":{"rendered":"El Caf\u00e8 de la Granota, 2n de batxillerat al SAT"},"content":{"rendered":"<p align=\"JUSTIFY\"><a href=\"http:\/\/insmonturiol.cat\/wp-content\/uploads\/2016\/01\/Imagen1.png\" rel=\"attachment wp-att-5590\"><img loading=\"lazy\" decoding=\"async\" class=\"aligncenter size-medium wp-image-5590\" src=\"http:\/\/insmonturiol.cat\/wp-content\/uploads\/2016\/01\/Imagen1-300x225.png\" alt=\"Imagen1\" width=\"300\" height=\"225\" \/><\/a><\/p>\n<p align=\"JUSTIFY\">El dimecres 27 de gener els alumnes de segon de batxillerat vam fer una sortida al SAT Teatre per gaudir de l\u2019obra \u201cEl Caf\u00e8 de la Granota\u201d, una adaptaci\u00f3 teatral del recull de contes escrit per Jes\u00fas Montcada amb aquest mateix t\u00edtol.<\/p>\n<p align=\"JUSTIFY\">L\u2019adaptaci\u00f3 va ser representada per dos personatges, interpretats per l\u2019Agust\u00ed Sanlleh\u00ed i la N\u00faria Cuy\u00e0s, que representen una trobada entre una noia de ciutat enviada el poble per un enc\u00e0rrec period\u00edstic, i un habitant del poble de Maquinensa, una mena de cronista local.<\/p>\n<p align=\"JUSTIFY\">L\u2019obra s\u2019ambienta a Mequinensa, un poble que estava situat a la comarca d\u2019Arag\u00f3, entre Lleida i Barcelona, a la conflu\u00e8ncia dels rius Segre i Ebre.<\/p>\n<p align=\"JUSTIFY\">Al voltant dels anys setanta del segle passat, el poble va ser desallotjat i traslladat, ja que s\u2019hi havia de construir una presa d\u2019aigua. Per aquest motiu, i la necessitat que va sentir l\u2019escriptor de conservar els records i la vida quotidiana de la gent del poble, va escriure aquest llibre de petites hist\u00f2ries per preservar-ne la mem\u00f2ria.<\/p>\n<p align=\"JUSTIFY\">L\u2019experi\u00e8ncia ens va resultar molt positiva, ja que \u00e9s una manera m\u00e9s din\u00e0mica de tractar el temari de forma m\u00e9s clara i entenedora.<\/p>\n<p align=\"JUSTIFY\">Des de segon de batxillerat la trobem una activitat molt recomanable!<\/p>\n<p style=\"text-align: left;\" align=\"RIGHT\">Adri\u00e1n Guill\u00e9n i Cristina De Mesas, alumnes de 2n de batxillerat<\/p>\n","protected":false},"excerpt":{"rendered":"<p><a href=\"http:\/\/insmonturiol.cat\/wp-content\/uploads\/2016\/01\/Imagen1.png\" rel=\"attachment wp-att-5590\"><\/a><br \/>\nEl dimecres 27 de gener els alumnes de segon de batxillerat vam fer una sortida al SAT Teatre per gaudir de l\u2019obra \u201cEl Caf\u00e8 de la Granota\u201d, una adaptaci\u00f3 teatral del recull de contes escrit per Jes\u00fas Montcada amb aquest mateix t\u00edtol.<br \/>\nL\u2019adaptaci\u00f3&hellip;  <a href=\"https:\/\/agora.xtec.cat\/iesnarcismonturiol\/general\/el-cafe-de-la-granota-2n-de-batxillerat-al-sat-3\/\" title=\"Read El Caf\u00e8 de la Granota, 2n de batxillerat al SAT\">Llegeix m\u00e9s\u00bb<\/a><\/p>\n","protected":false},"author":5,"featured_media":5587,"comment_status":"closed","ping_status":"closed","sticky":false,"template":"","format":"standard","meta":{"_bbp_topic_count":0,"_bbp_reply_count":0,"_bbp_total_topic_count":0,"_bbp_total_reply_count":0,"_bbp_voice_count":0,"_bbp_anonymous_reply_count":0,"_bbp_topic_count_hidden":0,"_bbp_reply_count_hidden":0,"_bbp_forum_subforum_count":0,"footnotes":""},"categories":[121,1],"tags":[40],"class_list":["post-5586","post","type-post","status-publish","format-standard","has-post-thumbnail","hentry","category-catala","category-general","tag-teatre"],"post_mailing_queue_ids":[],"_links":{"self":[{"href":"https:\/\/agora.xtec.cat\/iesnarcismonturiol\/wp-json\/wp\/v2\/posts\/5586","targetHints":{"allow":["GET"]}}],"collection":[{"href":"https:\/\/agora.xtec.cat\/iesnarcismonturiol\/wp-json\/wp\/v2\/posts"}],"about":[{"href":"https:\/\/agora.xtec.cat\/iesnarcismonturiol\/wp-json\/wp\/v2\/types\/post"}],"author":[{"embeddable":true,"href":"https:\/\/agora.xtec.cat\/iesnarcismonturiol\/wp-json\/wp\/v2\/users\/5"}],"replies":[{"embeddable":true,"href":"https:\/\/agora.xtec.cat\/iesnarcismonturiol\/wp-json\/wp\/v2\/comments?post=5586"}],"version-history":[{"count":0,"href":"https:\/\/agora.xtec.cat\/iesnarcismonturiol\/wp-json\/wp\/v2\/posts\/5586\/revisions"}],"wp:featuredmedia":[{"embeddable":true,"href":"https:\/\/agora.xtec.cat\/iesnarcismonturiol\/wp-json\/wp\/v2\/media\/5587"}],"wp:attachment":[{"href":"https:\/\/agora.xtec.cat\/iesnarcismonturiol\/wp-json\/wp\/v2\/media?parent=5586"}],"wp:term":[{"taxonomy":"category","embeddable":true,"href":"https:\/\/agora.xtec.cat\/iesnarcismonturiol\/wp-json\/wp\/v2\/categories?post=5586"},{"taxonomy":"post_tag","embeddable":true,"href":"https:\/\/agora.xtec.cat\/iesnarcismonturiol\/wp-json\/wp\/v2\/tags?post=5586"}],"curies":[{"name":"wp","href":"https:\/\/api.w.org\/{rel}","templated":true}]}}