{"id":5579,"date":"2016-02-19T18:00:33","date_gmt":"2016-02-19T18:00:33","guid":{"rendered":"http:\/\/insmonturiol.cat\/linstitut-narcis-monturiol-us-convida-a-les-portes-obertes-2016"},"modified":"2016-02-19T18:00:33","modified_gmt":"2016-02-19T18:00:33","slug":"linstitut-narcis-monturiol-us-convida-a-les-portes-obertes-2016","status":"publish","type":"post","link":"https:\/\/agora.xtec.cat\/iesnarcismonturiol\/general\/linstitut-narcis-monturiol-us-convida-a-les-portes-obertes-2016\/","title":{"rendered":"L&#8217;Institut Narc\u00eds Monturiol us convida a les PORTES OBERTES 2016!!"},"content":{"rendered":"<p>Si voleu con\u00e8ixer l&#8217;Institut Narc\u00eds Monturiol,<\/p>\n<p>Si voleu con\u00e8ixer el nostre Projecte,<\/p>\n<p>Si voleu con\u00e8ixer la nostra forma d&#8217;entendre l&#8217;Ensenyament,<\/p>\n<p style=\"text-align: center;\"><strong><span style=\"color: #666699;\">US CONVIDEM A LES PORTES OBERTES 2016<\/span><\/strong><\/p>\n<p style=\"text-align: left;\"><span style=\"color: #008080;\"><strong>DISSABTE 27 de FEBRER<\/strong>: <span style=\"color: #000000;\">Jornada de presentaci\u00f3 dels estudis d&#8217;ESO i Batxillerat. \u00a011 HORES<\/span><\/span><\/p>\n<p style=\"text-align: left;\"><span style=\"color: #ff6600;\"><strong>DIMARTS 3 de MAIG:<\/strong>\u00a0<span style=\"color: #000000;\"> Jornada espec\u00edfica per als estudis de BATXILLERAT. 18 HORES<\/span><\/span><\/p>\n<p style=\"text-align: left;\">Us esperem!!!!<\/p>\n","protected":false},"excerpt":{"rendered":"<p>Si voleu con\u00e8ixer l&#8217;Institut Narc\u00eds Monturiol,<br \/>\nSi voleu con\u00e8ixer el nostre Projecte,<br \/>\nSi voleu con\u00e8ixer la nostra forma d&#8217;entendre l&#8217;Ensenyament,<br \/>\nUS CONVIDEM A LES PORTES OBERTES 2016<br \/>\nDISSABTE 27 de FEBRER: Jornada de presentaci\u00f3 dels estudis d&#8217;ESO i Batxillerat. \u00a011 HORES<br \/>\nDIMARTS 3 de MAIG:\u00a0 Jornada espec\u00edfica per als estudis&hellip;  <a href=\"https:\/\/agora.xtec.cat\/iesnarcismonturiol\/general\/linstitut-narcis-monturiol-us-convida-a-les-portes-obertes-2016\/\" title=\"Read L&#8217;Institut Narc\u00eds Monturiol us convida a les PORTES OBERTES 2016!!\">Llegeix m\u00e9s\u00bb<\/a><\/p>\n","protected":false},"author":5,"featured_media":4644,"comment_status":"closed","ping_status":"closed","sticky":false,"template":"","format":"standard","meta":{"_bbp_topic_count":0,"_bbp_reply_count":0,"_bbp_total_topic_count":0,"_bbp_total_reply_count":0,"_bbp_voice_count":0,"_bbp_anonymous_reply_count":0,"_bbp_topic_count_hidden":0,"_bbp_reply_count_hidden":0,"_bbp_forum_subforum_count":0,"footnotes":""},"categories":[1],"tags":[281],"class_list":["post-5579","post","type-post","status-publish","format-standard","has-post-thumbnail","hentry","category-general","tag-portes-obertes"],"post_mailing_queue_ids":[],"_links":{"self":[{"href":"https:\/\/agora.xtec.cat\/iesnarcismonturiol\/wp-json\/wp\/v2\/posts\/5579","targetHints":{"allow":["GET"]}}],"collection":[{"href":"https:\/\/agora.xtec.cat\/iesnarcismonturiol\/wp-json\/wp\/v2\/posts"}],"about":[{"href":"https:\/\/agora.xtec.cat\/iesnarcismonturiol\/wp-json\/wp\/v2\/types\/post"}],"author":[{"embeddable":true,"href":"https:\/\/agora.xtec.cat\/iesnarcismonturiol\/wp-json\/wp\/v2\/users\/5"}],"replies":[{"embeddable":true,"href":"https:\/\/agora.xtec.cat\/iesnarcismonturiol\/wp-json\/wp\/v2\/comments?post=5579"}],"version-history":[{"count":0,"href":"https:\/\/agora.xtec.cat\/iesnarcismonturiol\/wp-json\/wp\/v2\/posts\/5579\/revisions"}],"wp:featuredmedia":[{"embeddable":true,"href":"https:\/\/agora.xtec.cat\/iesnarcismonturiol\/wp-json\/wp\/v2\/media\/4644"}],"wp:attachment":[{"href":"https:\/\/agora.xtec.cat\/iesnarcismonturiol\/wp-json\/wp\/v2\/media?parent=5579"}],"wp:term":[{"taxonomy":"category","embeddable":true,"href":"https:\/\/agora.xtec.cat\/iesnarcismonturiol\/wp-json\/wp\/v2\/categories?post=5579"},{"taxonomy":"post_tag","embeddable":true,"href":"https:\/\/agora.xtec.cat\/iesnarcismonturiol\/wp-json\/wp\/v2\/tags?post=5579"}],"curies":[{"name":"wp","href":"https:\/\/api.w.org\/{rel}","templated":true}]}}