{"id":5562,"date":"2015-11-27T14:20:34","date_gmt":"2015-11-27T14:20:34","guid":{"rendered":"http:\/\/insmonturiol.cat\/4t-deso-a-de-marxa-fent-esport"},"modified":"2015-11-27T14:20:34","modified_gmt":"2015-11-27T14:20:34","slug":"4t-deso-a-de-marxa-fent-esport","status":"publish","type":"post","link":"https:\/\/agora.xtec.cat\/iesnarcismonturiol\/general\/4t-deso-a-de-marxa-fent-esport\/","title":{"rendered":"4t d&#8217;ESO a &#8220;De Marxa fent esport&#8221;"},"content":{"rendered":"<p><a href=\"http:\/\/insmonturiol.cat\/wp-content\/uploads\/2015\/12\/b0130ef08c57458d984299a2c75c6fe5.jpg\"><img loading=\"lazy\" decoding=\"async\" class=\"aligncenter size-medium wp-image-5563\" src=\"http:\/\/insmonturiol.cat\/wp-content\/uploads\/2015\/12\/b0130ef08c57458d984299a2c75c6fe5-300x169.jpg\" alt=\"b0130ef08c57458d984299a2c75c6fe5\" width=\"300\" height=\"169\" \/><\/a><\/p>\n<p>Un any m\u00e9s l&#8217;alumnat de 4t d&#8217;ESO ha viscut un mat\u00ed amb molta energ\u00eda gaudint del Programa que mostra les possibilitats d&#8217;oci saludable amb el suport de l&#8217;Institut Barcelona Esports de l&#8217;Ajuntament de Barcelona. \u00a0Consisteix en oferir als de 4t d&#8217;ESO l&#8217;oportunitat d&#8217;integrar la pr\u00e0ctica esportiva dins del seu temps lliure.<\/p>\n<p>Marta Pol, professora d&#8217;Educaci\u00f3 F\u00edsica.<\/p>\n<p align=\"justify\">\u00a0<a href=\"http:\/\/insmonturiol.cat\/wp-content\/uploads\/2015\/12\/21eb0225f472c4b1d3748f735364459a.jpg\"><img loading=\"lazy\" decoding=\"async\" class=\"aligncenter size-medium wp-image-5564\" src=\"http:\/\/insmonturiol.cat\/wp-content\/uploads\/2015\/12\/21eb0225f472c4b1d3748f735364459a-300x169.jpg\" alt=\"21eb0225f472c4b1d3748f735364459a\" width=\"300\" height=\"169\" srcset=\"https:\/\/agora.xtec.cat\/iesnarcismonturiol\/wp-content\/uploads\/usu2521\/2015\/12\/21eb0225f472c4b1d3748f735364459a-300x169.jpg 300w, https:\/\/agora.xtec.cat\/iesnarcismonturiol\/wp-content\/uploads\/usu2521\/2015\/12\/21eb0225f472c4b1d3748f735364459a-1024x576.jpg 1024w, https:\/\/agora.xtec.cat\/iesnarcismonturiol\/wp-content\/uploads\/usu2521\/2015\/12\/21eb0225f472c4b1d3748f735364459a-768x432.jpg 768w, https:\/\/agora.xtec.cat\/iesnarcismonturiol\/wp-content\/uploads\/usu2521\/2015\/12\/21eb0225f472c4b1d3748f735364459a-1536x864.jpg 1536w, https:\/\/agora.xtec.cat\/iesnarcismonturiol\/wp-content\/uploads\/usu2521\/2015\/12\/21eb0225f472c4b1d3748f735364459a.jpg 1600w\" sizes=\"auto, (max-width: 300px) 100vw, 300px\" \/><\/a><\/p>\n","protected":false},"excerpt":{"rendered":"<p><a href=\"http:\/\/insmonturiol.cat\/wp-content\/uploads\/2015\/12\/b0130ef08c57458d984299a2c75c6fe5.jpg\"><\/a><br \/>\nUn any m\u00e9s l&#8217;alumnat de 4t d&#8217;ESO ha viscut un mat\u00ed amb molta energ\u00eda gaudint del Programa que mostra les possibilitats d&#8217;oci saludable amb el suport de l&#8217;Institut Barcelona Esports de l&#8217;Ajuntament de Barcelona. \u00a0Consisteix en oferir als de 4t d&#8217;ESO l&#8217;oportunitat d&#8217;integrar la&hellip;  <a href=\"https:\/\/agora.xtec.cat\/iesnarcismonturiol\/general\/4t-deso-a-de-marxa-fent-esport\/\" title=\"Read 4t d&#8217;ESO a &#8220;De Marxa fent esport&#8221;\">Llegeix m\u00e9s\u00bb<\/a><\/p>\n","protected":false},"author":5,"featured_media":5563,"comment_status":"open","ping_status":"open","sticky":false,"template":"","format":"standard","meta":{"_bbp_topic_count":0,"_bbp_reply_count":0,"_bbp_total_topic_count":0,"_bbp_total_reply_count":0,"_bbp_voice_count":0,"_bbp_anonymous_reply_count":0,"_bbp_topic_count_hidden":0,"_bbp_reply_count_hidden":0,"_bbp_forum_subforum_count":0,"footnotes":""},"categories":[128,1],"tags":[],"class_list":["post-5562","post","type-post","status-publish","format-standard","has-post-thumbnail","hentry","category-expressio","category-general"],"post_mailing_queue_ids":[],"_links":{"self":[{"href":"https:\/\/agora.xtec.cat\/iesnarcismonturiol\/wp-json\/wp\/v2\/posts\/5562","targetHints":{"allow":["GET"]}}],"collection":[{"href":"https:\/\/agora.xtec.cat\/iesnarcismonturiol\/wp-json\/wp\/v2\/posts"}],"about":[{"href":"https:\/\/agora.xtec.cat\/iesnarcismonturiol\/wp-json\/wp\/v2\/types\/post"}],"author":[{"embeddable":true,"href":"https:\/\/agora.xtec.cat\/iesnarcismonturiol\/wp-json\/wp\/v2\/users\/5"}],"replies":[{"embeddable":true,"href":"https:\/\/agora.xtec.cat\/iesnarcismonturiol\/wp-json\/wp\/v2\/comments?post=5562"}],"version-history":[{"count":0,"href":"https:\/\/agora.xtec.cat\/iesnarcismonturiol\/wp-json\/wp\/v2\/posts\/5562\/revisions"}],"wp:featuredmedia":[{"embeddable":true,"href":"https:\/\/agora.xtec.cat\/iesnarcismonturiol\/wp-json\/"}],"wp:attachment":[{"href":"https:\/\/agora.xtec.cat\/iesnarcismonturiol\/wp-json\/wp\/v2\/media?parent=5562"}],"wp:term":[{"taxonomy":"category","embeddable":true,"href":"https:\/\/agora.xtec.cat\/iesnarcismonturiol\/wp-json\/wp\/v2\/categories?post=5562"},{"taxonomy":"post_tag","embeddable":true,"href":"https:\/\/agora.xtec.cat\/iesnarcismonturiol\/wp-json\/wp\/v2\/tags?post=5562"}],"curies":[{"name":"wp","href":"https:\/\/api.w.org\/{rel}","templated":true}]}}