{"id":5447,"date":"2015-12-10T06:04:49","date_gmt":"2015-12-10T06:04:49","guid":{"rendered":"http:\/\/insmonturiol.cat\/potser-nadal-miquel-marti-i-pol"},"modified":"2015-12-10T06:04:49","modified_gmt":"2015-12-10T06:04:49","slug":"potser-nadal-miquel-marti-i-pol","status":"publish","type":"post","link":"https:\/\/agora.xtec.cat\/iesnarcismonturiol\/general\/potser-nadal-miquel-marti-i-pol\/","title":{"rendered":"POTSER NADAL, Miquel Mart\u00ed i Pol."},"content":{"rendered":"<h5><a href=\"http:\/\/insmonturiol.cat\/wp-content\/uploads\/2015\/12\/IMG_20151210_143945.jpg\"><img loading=\"lazy\" decoding=\"async\" class=\"aligncenter size-medium wp-image-5448\" src=\"http:\/\/insmonturiol.cat\/wp-content\/uploads\/2015\/12\/IMG_20151210_143945-169x300.jpg\" alt=\"IMG_20151210_143945\" width=\"169\" height=\"300\" srcset=\"https:\/\/agora.xtec.cat\/iesnarcismonturiol\/wp-content\/uploads\/usu2521\/2015\/12\/IMG_20151210_143945-169x300.jpg 169w, https:\/\/agora.xtec.cat\/iesnarcismonturiol\/wp-content\/uploads\/usu2521\/2015\/12\/IMG_20151210_143945-576x1024.jpg 576w, https:\/\/agora.xtec.cat\/iesnarcismonturiol\/wp-content\/uploads\/usu2521\/2015\/12\/IMG_20151210_143945-768x1365.jpg 768w, https:\/\/agora.xtec.cat\/iesnarcismonturiol\/wp-content\/uploads\/usu2521\/2015\/12\/IMG_20151210_143945-864x1536.jpg 864w, https:\/\/agora.xtec.cat\/iesnarcismonturiol\/wp-content\/uploads\/usu2521\/2015\/12\/IMG_20151210_143945-1152x2048.jpg 1152w, https:\/\/agora.xtec.cat\/iesnarcismonturiol\/wp-content\/uploads\/usu2521\/2015\/12\/IMG_20151210_143945-scaled.jpg 1441w\" sizes=\"auto, (max-width: 169px) 100vw, 169px\" \/><\/a><\/h5>\n<h5 style=\"text-align: center;\">POTSER NADAL<\/h5>\n<div style=\"text-align: center;\">Potser Nadal \u00e9s que tothom es digui<\/div>\n<div style=\"text-align: center;\">a si mateix i en veu molt baixa el nom<\/div>\n<div style=\"text-align: center;\">de cada cosa, mastegant els mots<\/div>\n<div style=\"text-align: center;\">amb molta cura, per tal de percebre\u2019n<\/div>\n<div style=\"text-align: center;\">tot el sabor, tota la consist\u00e8ncia.<\/div>\n<div style=\"text-align: center;\">Potser \u00e9s reposar els ulls en els objectes<\/div>\n<div style=\"text-align: center;\">quotidians, per descobrir amb sorpresa<\/div>\n<div style=\"text-align: center;\">que ni sabem com s\u00f3n de tant mirar-los.<\/div>\n<div style=\"text-align: center;\">Potser \u00e9s un sentiment, una tendresa<\/div>\n<div style=\"text-align: center;\">que s\u2019empara de tot; potser un somriure<\/div>\n<div style=\"text-align: center;\">inesperat en una cantonada.<\/div>\n<div style=\"text-align: center;\">I potser \u00e9s tot aix\u00f2 i, a m\u00e9s, la for\u00e7a<\/div>\n<div style=\"text-align: center;\">per reprendre el cam\u00ed de cada dia<\/div>\n<div style=\"text-align: center;\">quan el misteri s\u2019ha esvanit, i tot<\/div>\n<div style=\"text-align: center;\">torna a ser trist, i lluny\u00e0, i dif\u00edcil.<\/div>\n<div style=\"text-align: center;\"><\/div>\n<div style=\"text-align: center;\">Miquel Mart\u00ed i Pol<\/div>\n<div style=\"text-align: center;\"><\/div>\n<div style=\"text-align: left;\">Tots i totes els qui formen part de l&#8217;Institut Narc\u00eds Monturiol us desitgem BONES FESTES!!!!!<\/div>\n","protected":false},"excerpt":{"rendered":"<p><a href=\"http:\/\/insmonturiol.cat\/wp-content\/uploads\/2015\/12\/IMG_20151210_143945.jpg\"><\/a><br \/>\nPOTSER NADAL<br \/>\nPotser Nadal \u00e9s que tothom es digui<br \/>\na si mateix i en veu molt baixa el nom<br \/>\nde cada cosa, mastegant els mots<br \/>\namb molta cura, per tal de percebre\u2019n<br \/>\ntot el sabor, tota la consist\u00e8ncia.<br \/>\nPotser \u00e9s reposar els ulls en els objectes<br \/>\nquotidians, per descobrir amb sorpresa<br \/>\nque&hellip;  <a href=\"https:\/\/agora.xtec.cat\/iesnarcismonturiol\/general\/potser-nadal-miquel-marti-i-pol\/\" title=\"Read POTSER NADAL, Miquel Mart\u00ed i Pol.\">Llegeix m\u00e9s\u00bb<\/a><\/p>\n","protected":false},"author":5,"featured_media":5448,"comment_status":"closed","ping_status":"closed","sticky":false,"template":"","format":"standard","meta":{"_bbp_topic_count":0,"_bbp_reply_count":0,"_bbp_total_topic_count":0,"_bbp_total_reply_count":0,"_bbp_voice_count":0,"_bbp_anonymous_reply_count":0,"_bbp_topic_count_hidden":0,"_bbp_reply_count_hidden":0,"_bbp_forum_subforum_count":0,"footnotes":""},"categories":[1],"tags":[],"class_list":["post-5447","post","type-post","status-publish","format-standard","has-post-thumbnail","hentry","category-general"],"post_mailing_queue_ids":[],"_links":{"self":[{"href":"https:\/\/agora.xtec.cat\/iesnarcismonturiol\/wp-json\/wp\/v2\/posts\/5447","targetHints":{"allow":["GET"]}}],"collection":[{"href":"https:\/\/agora.xtec.cat\/iesnarcismonturiol\/wp-json\/wp\/v2\/posts"}],"about":[{"href":"https:\/\/agora.xtec.cat\/iesnarcismonturiol\/wp-json\/wp\/v2\/types\/post"}],"author":[{"embeddable":true,"href":"https:\/\/agora.xtec.cat\/iesnarcismonturiol\/wp-json\/wp\/v2\/users\/5"}],"replies":[{"embeddable":true,"href":"https:\/\/agora.xtec.cat\/iesnarcismonturiol\/wp-json\/wp\/v2\/comments?post=5447"}],"version-history":[{"count":0,"href":"https:\/\/agora.xtec.cat\/iesnarcismonturiol\/wp-json\/wp\/v2\/posts\/5447\/revisions"}],"wp:featuredmedia":[{"embeddable":true,"href":"https:\/\/agora.xtec.cat\/iesnarcismonturiol\/wp-json\/wp\/v2\/media\/5448"}],"wp:attachment":[{"href":"https:\/\/agora.xtec.cat\/iesnarcismonturiol\/wp-json\/wp\/v2\/media?parent=5447"}],"wp:term":[{"taxonomy":"category","embeddable":true,"href":"https:\/\/agora.xtec.cat\/iesnarcismonturiol\/wp-json\/wp\/v2\/categories?post=5447"},{"taxonomy":"post_tag","embeddable":true,"href":"https:\/\/agora.xtec.cat\/iesnarcismonturiol\/wp-json\/wp\/v2\/tags?post=5447"}],"curies":[{"name":"wp","href":"https:\/\/api.w.org\/{rel}","templated":true}]}}