{"id":5434,"date":"2015-11-20T19:00:50","date_gmt":"2015-11-20T19:00:50","guid":{"rendered":"http:\/\/insmonturiol.cat\/disseny-i-comunicacio-3r-deso-prepara-la-presentacio-del-projecte-de-reutilitzacio-de-llibres"},"modified":"2015-11-20T19:00:50","modified_gmt":"2015-11-20T19:00:50","slug":"disseny-i-comunicacio-3r-deso-prepara-la-presentacio-del-projecte-de-reutilitzacio-de-llibres","status":"publish","type":"post","link":"https:\/\/agora.xtec.cat\/iesnarcismonturiol\/general\/disseny-i-comunicacio-3r-deso-prepara-la-presentacio-del-projecte-de-reutilitzacio-de-llibres\/","title":{"rendered":"Disseny i Comunicaci\u00f3: 3r d&#8217;ESO prepara la presentaci\u00f3 del Projecte de Reutilitzaci\u00f3 de llibres"},"content":{"rendered":"<p>L&#8217;alumnat de tercer d&#8217;ESO ha elaborat una presentaci\u00f3 del projecte de Reutilitzaci\u00f3 de Llibres del nostre institut. Dins la mat\u00e8ria de Disseny i Comunicaci\u00f3, han preparat i assajat, en parelles, l&#8217;explicaci\u00f3 que faran en les tutories de l&#8217;ESO just abans de les festes de nadal. Aquesta presentaci\u00f3 ha de servir per fer m\u00e9s comprensible la dimensi\u00f3 d&#8217;aquest projecte en el nostre institut: voluntariat, implicaci\u00f3, cooperaci\u00f3 i responsablitat. I la repercussi\u00f3 que t\u00e9 en l&#8217;estalvi \u00a0tant econ\u00f2mic, com en la conservaci\u00f3 del medi ambient.<\/p>\n<p>Podeu seguir el Project fent click <a href=\"https:\/\/sites.google.com\/a\/xtec.cat\/reutilitzacio-de-llibres-institut-narcis-monturiol\/\" target=\"_blank\" rel=\"noopener\">A L&#8217;ENLLA\u00c7<\/a><\/p>\n","protected":false},"excerpt":{"rendered":"<p>L&#8217;alumnat de tercer d&#8217;ESO ha elaborat una presentaci\u00f3 del projecte de Reutilitzaci\u00f3 de Llibres del nostre institut. Dins la mat\u00e8ria de Disseny i Comunicaci\u00f3, han preparat i assajat, en parelles, l&#8217;explicaci\u00f3 que faran en les tutories de l&#8217;ESO just abans de les festes de nadal.&hellip;  <a href=\"https:\/\/agora.xtec.cat\/iesnarcismonturiol\/general\/disseny-i-comunicacio-3r-deso-prepara-la-presentacio-del-projecte-de-reutilitzacio-de-llibres\/\" title=\"Read Disseny i Comunicaci\u00f3: 3r d&#8217;ESO prepara la presentaci\u00f3 del Projecte de Reutilitzaci\u00f3 de llibres\">Llegeix m\u00e9s\u00bb<\/a><\/p>\n","protected":false},"author":5,"featured_media":5435,"comment_status":"closed","ping_status":"closed","sticky":false,"template":"","format":"standard","meta":{"_bbp_topic_count":0,"_bbp_reply_count":0,"_bbp_total_topic_count":0,"_bbp_total_reply_count":0,"_bbp_voice_count":0,"_bbp_anonymous_reply_count":0,"_bbp_topic_count_hidden":0,"_bbp_reply_count_hidden":0,"_bbp_forum_subforum_count":0,"footnotes":""},"categories":[127,1],"tags":[296,304],"class_list":["post-5434","post","type-post","status-publish","format-standard","has-post-thumbnail","hentry","category-escoles-sostenibles","category-general","tag-reutilitzacio","tag-sostenibilitat"],"post_mailing_queue_ids":[],"_links":{"self":[{"href":"https:\/\/agora.xtec.cat\/iesnarcismonturiol\/wp-json\/wp\/v2\/posts\/5434","targetHints":{"allow":["GET"]}}],"collection":[{"href":"https:\/\/agora.xtec.cat\/iesnarcismonturiol\/wp-json\/wp\/v2\/posts"}],"about":[{"href":"https:\/\/agora.xtec.cat\/iesnarcismonturiol\/wp-json\/wp\/v2\/types\/post"}],"author":[{"embeddable":true,"href":"https:\/\/agora.xtec.cat\/iesnarcismonturiol\/wp-json\/wp\/v2\/users\/5"}],"replies":[{"embeddable":true,"href":"https:\/\/agora.xtec.cat\/iesnarcismonturiol\/wp-json\/wp\/v2\/comments?post=5434"}],"version-history":[{"count":0,"href":"https:\/\/agora.xtec.cat\/iesnarcismonturiol\/wp-json\/wp\/v2\/posts\/5434\/revisions"}],"wp:featuredmedia":[{"embeddable":true,"href":"https:\/\/agora.xtec.cat\/iesnarcismonturiol\/wp-json\/wp\/v2\/media\/5435"}],"wp:attachment":[{"href":"https:\/\/agora.xtec.cat\/iesnarcismonturiol\/wp-json\/wp\/v2\/media?parent=5434"}],"wp:term":[{"taxonomy":"category","embeddable":true,"href":"https:\/\/agora.xtec.cat\/iesnarcismonturiol\/wp-json\/wp\/v2\/categories?post=5434"},{"taxonomy":"post_tag","embeddable":true,"href":"https:\/\/agora.xtec.cat\/iesnarcismonturiol\/wp-json\/wp\/v2\/tags?post=5434"}],"curies":[{"name":"wp","href":"https:\/\/api.w.org\/{rel}","templated":true}]}}