{"id":5426,"date":"2015-11-15T17:58:43","date_gmt":"2015-11-15T17:58:43","guid":{"rendered":"http:\/\/insmonturiol.cat\/2n-de-batxillerat-al-teatre-la-celestina"},"modified":"2015-11-15T17:58:43","modified_gmt":"2015-11-15T17:58:43","slug":"2n-de-batxillerat-al-teatre-la-celestina","status":"publish","type":"post","link":"https:\/\/agora.xtec.cat\/iesnarcismonturiol\/general\/2n-de-batxillerat-al-teatre-la-celestina\/","title":{"rendered":"2n de Batxillerat al teatre: La Celestina"},"content":{"rendered":"<p>El pasado jueves d\u00eda 12, nuestros alumnos m\u00e1s veteranos pudieron ser espectadores de una de las obras de nuestra literatura m\u00e1s controvertida en cuanto al g\u00e9nero respecta (novela dialogada, comedia human\u00edstica alargada, drama extenso&#8230;) y que ser\u00e1 motivo de examen en las tan temidas PAU: La Celestina<\/p>\n<p>La adaptaci\u00f3n del espect\u00e1culo result\u00f3 muy conseguida y, a pesar del corto elenco de personajes que aparec\u00edan, pudo mostrar de manera muy pl\u00e1stica lo esencial de la obra de Fernando de Rojas. Adem\u00e1s de que, al t\u00e9rmino de la representaci\u00f3n, los actores se brindaron a contestar cualquier tipo de duda o cuesti\u00f3n que no hubiera quedado clara o, que por simple curiosidad, pudieron\u00a0 plantear los miembros del p\u00fablico.<\/p>\n<p>En definitiva y una vez m\u00e1s, siempre resulta agradable la puesta en escena de unos hechos que, previamente, hayan sido le\u00eddos y trabajados.<\/p>\n<p>Ana M. P\u00e9rez, professora de Llengua i Literatura Castellana.<\/p>\n","protected":false},"excerpt":{"rendered":"<p>El pasado jueves d\u00eda 12, nuestros alumnos m\u00e1s veteranos pudieron ser espectadores de una de las obras de nuestra literatura m\u00e1s controvertida en cuanto al g\u00e9nero respecta (novela dialogada, comedia human\u00edstica alargada, drama extenso&#8230;) y que ser\u00e1 motivo de examen en las tan temidas PAU:&hellip;  <a href=\"https:\/\/agora.xtec.cat\/iesnarcismonturiol\/general\/2n-de-batxillerat-al-teatre-la-celestina\/\" title=\"Read 2n de Batxillerat al teatre: La Celestina\">Llegeix m\u00e9s\u00bb<\/a><\/p>\n","protected":false},"author":5,"featured_media":5427,"comment_status":"closed","ping_status":"closed","sticky":false,"template":"","format":"standard","meta":{"_bbp_topic_count":0,"_bbp_reply_count":0,"_bbp_total_topic_count":0,"_bbp_total_reply_count":0,"_bbp_voice_count":0,"_bbp_anonymous_reply_count":0,"_bbp_topic_count_hidden":0,"_bbp_reply_count_hidden":0,"_bbp_forum_subforum_count":0,"footnotes":""},"categories":[120,1],"tags":[40],"class_list":["post-5426","post","type-post","status-publish","format-standard","has-post-thumbnail","hentry","category-castella","category-general","tag-teatre"],"post_mailing_queue_ids":[],"_links":{"self":[{"href":"https:\/\/agora.xtec.cat\/iesnarcismonturiol\/wp-json\/wp\/v2\/posts\/5426","targetHints":{"allow":["GET"]}}],"collection":[{"href":"https:\/\/agora.xtec.cat\/iesnarcismonturiol\/wp-json\/wp\/v2\/posts"}],"about":[{"href":"https:\/\/agora.xtec.cat\/iesnarcismonturiol\/wp-json\/wp\/v2\/types\/post"}],"author":[{"embeddable":true,"href":"https:\/\/agora.xtec.cat\/iesnarcismonturiol\/wp-json\/wp\/v2\/users\/5"}],"replies":[{"embeddable":true,"href":"https:\/\/agora.xtec.cat\/iesnarcismonturiol\/wp-json\/wp\/v2\/comments?post=5426"}],"version-history":[{"count":0,"href":"https:\/\/agora.xtec.cat\/iesnarcismonturiol\/wp-json\/wp\/v2\/posts\/5426\/revisions"}],"wp:featuredmedia":[{"embeddable":true,"href":"https:\/\/agora.xtec.cat\/iesnarcismonturiol\/wp-json\/wp\/v2\/media\/5427"}],"wp:attachment":[{"href":"https:\/\/agora.xtec.cat\/iesnarcismonturiol\/wp-json\/wp\/v2\/media?parent=5426"}],"wp:term":[{"taxonomy":"category","embeddable":true,"href":"https:\/\/agora.xtec.cat\/iesnarcismonturiol\/wp-json\/wp\/v2\/categories?post=5426"},{"taxonomy":"post_tag","embeddable":true,"href":"https:\/\/agora.xtec.cat\/iesnarcismonturiol\/wp-json\/wp\/v2\/tags?post=5426"}],"curies":[{"name":"wp","href":"https:\/\/api.w.org\/{rel}","templated":true}]}}