{"id":5421,"date":"2015-11-17T12:01:19","date_gmt":"2015-11-17T12:01:19","guid":{"rendered":"http:\/\/insmonturiol.cat\/echange-virtuelle-avec-le-lycee-victor-hugo-de-lunel"},"modified":"2015-11-17T12:01:19","modified_gmt":"2015-11-17T12:01:19","slug":"echange-virtuelle-avec-le-lycee-victor-hugo-de-lunel","status":"publish","type":"post","link":"https:\/\/agora.xtec.cat\/iesnarcismonturiol\/general\/echange-virtuelle-avec-le-lycee-victor-hugo-de-lunel\/","title":{"rendered":"\u00c9change virtuelle avec le Lyc\u00e9e Victor Hugo de Lunel."},"content":{"rendered":"<p>Cette ann\u00e9e les \u00e9l\u00e8ves de Fran\u00e7ais de 4\u00e8me ann\u00e9e d&#8217;ESO et 1\u00e8re ann\u00e9e de Batxillerat participent \u00e0 un projet de correspondance virtuelle avec les \u00e9tudiants du coll\u00e8ge Victor Hugo de la ville fran\u00e7aise de Lunel, pr\u00e8s de Montpellier. Il s&#8217;agit d&#8217;un \u00e9change Fran\u00e7ais-Espagnol qu&#8217;on consid\u00e8re enrichissant pour nos \u00e9l\u00e8ves pas seulement du point de vue academique et linguistique, mais aussi personnel: ils pourront faire des connaissances et \u00e9changer avec des jeunes du m\u00eame \u00e2ge leurs int\u00e9r\u00eats, leurs loisirs, leurs moeurs, etc. On esp\u00e8re qu&#8217;il sera le d\u00e9but d&#8217;\u00a0une belle amiti\u00e9 et\u00a0une collaboration profitable.<\/p>\n<p>si voleu con\u00e8ixer el centre: <a href=\"http:\/\/www.victorhugo-lunel.fr\/\" target=\"_blank\" rel=\"noopener\">Lyc\u00e9e Victor Hugo, Lunel<\/a><\/p>\n<p>Lourdes Nevado Santiago, professora de franc\u00e9s.<\/p>\n","protected":false},"excerpt":{"rendered":"<p>Cette ann\u00e9e les \u00e9l\u00e8ves de Fran\u00e7ais de 4\u00e8me ann\u00e9e d&#8217;ESO et 1\u00e8re ann\u00e9e de Batxillerat participent \u00e0 un projet de correspondance virtuelle avec les \u00e9tudiants du coll\u00e8ge Victor Hugo de la ville fran\u00e7aise de Lunel, pr\u00e8s de Montpellier. Il s&#8217;agit d&#8217;un \u00e9change Fran\u00e7ais-Espagnol qu&#8217;on consid\u00e8re&hellip;  <a href=\"https:\/\/agora.xtec.cat\/iesnarcismonturiol\/general\/echange-virtuelle-avec-le-lycee-victor-hugo-de-lunel\/\" title=\"Read \u00c9change virtuelle avec le Lyc\u00e9e Victor Hugo de Lunel.\">Llegeix m\u00e9s\u00bb<\/a><\/p>\n","protected":false},"author":5,"featured_media":5423,"comment_status":"closed","ping_status":"closed","sticky":false,"template":"","format":"standard","meta":{"_bbp_topic_count":0,"_bbp_reply_count":0,"_bbp_total_topic_count":0,"_bbp_total_reply_count":0,"_bbp_voice_count":0,"_bbp_anonymous_reply_count":0,"_bbp_topic_count_hidden":0,"_bbp_reply_count_hidden":0,"_bbp_forum_subforum_count":0,"footnotes":""},"categories":[1],"tags":[225,238],"class_list":["post-5421","post","type-post","status-publish","format-standard","has-post-thumbnail","hentry","category-general","tag-frances","tag-intercanvi"],"post_mailing_queue_ids":[],"_links":{"self":[{"href":"https:\/\/agora.xtec.cat\/iesnarcismonturiol\/wp-json\/wp\/v2\/posts\/5421","targetHints":{"allow":["GET"]}}],"collection":[{"href":"https:\/\/agora.xtec.cat\/iesnarcismonturiol\/wp-json\/wp\/v2\/posts"}],"about":[{"href":"https:\/\/agora.xtec.cat\/iesnarcismonturiol\/wp-json\/wp\/v2\/types\/post"}],"author":[{"embeddable":true,"href":"https:\/\/agora.xtec.cat\/iesnarcismonturiol\/wp-json\/wp\/v2\/users\/5"}],"replies":[{"embeddable":true,"href":"https:\/\/agora.xtec.cat\/iesnarcismonturiol\/wp-json\/wp\/v2\/comments?post=5421"}],"version-history":[{"count":0,"href":"https:\/\/agora.xtec.cat\/iesnarcismonturiol\/wp-json\/wp\/v2\/posts\/5421\/revisions"}],"wp:featuredmedia":[{"embeddable":true,"href":"https:\/\/agora.xtec.cat\/iesnarcismonturiol\/wp-json\/wp\/v2\/media\/5423"}],"wp:attachment":[{"href":"https:\/\/agora.xtec.cat\/iesnarcismonturiol\/wp-json\/wp\/v2\/media?parent=5421"}],"wp:term":[{"taxonomy":"category","embeddable":true,"href":"https:\/\/agora.xtec.cat\/iesnarcismonturiol\/wp-json\/wp\/v2\/categories?post=5421"},{"taxonomy":"post_tag","embeddable":true,"href":"https:\/\/agora.xtec.cat\/iesnarcismonturiol\/wp-json\/wp\/v2\/tags?post=5421"}],"curies":[{"name":"wp","href":"https:\/\/api.w.org\/{rel}","templated":true}]}}