{"id":5399,"date":"2015-10-27T08:20:15","date_gmt":"2015-10-27T08:20:15","guid":{"rendered":"http:\/\/insmonturiol.cat\/bearn-o-la-sala-de-les-nines-2n-de-batxillerat-al-sat"},"modified":"2015-10-27T08:20:15","modified_gmt":"2015-10-27T08:20:15","slug":"bearn-o-la-sala-de-les-nines-2n-de-batxillerat-al-sat","status":"publish","type":"post","link":"https:\/\/agora.xtec.cat\/iesnarcismonturiol\/general\/bearn-o-la-sala-de-les-nines-2n-de-batxillerat-al-sat\/","title":{"rendered":"Bearn o la sala de les nines; 2n de Batxillerat al SAT"},"content":{"rendered":"<p>El dia 27 d&#8217;octubre, els alumnes de 2n de batxillerat de l&#8217;institut ens vam trobar al SAT Teatre per veure junts la posada en escena de la novel\u00b7la<i> Bearn o la sala de les nines<\/i>, de Lloren\u00e7 Villalonga. L&#8217;inter\u00e8s de l&#8217;acte estava fonamentat en el fet que, enguany, la novel\u00b7la \u00e9s una de les lectures obligat\u00f2ries de l&#8217;assignatura de llengua catalana i literatura.<\/p>\n<div>Pr\u00e8viament, per treure m\u00e9s profit de la representaci\u00f3, els alumnes havien llegit la novel\u00b7la i l&#8217;havien comentat a classe. Despr\u00e9s de la funci\u00f3, hi va haver un col\u00b7loqui amb el director i els actors per aclarir alguns aspectes de l&#8217;adaptaci\u00f3. Atesa la complexitat de la lectura, cap element que ajudi a entendre&#8217;n tots els detalls pot considerar-se sobrer.<\/div>\n<div><\/div>\n<div>Salva Juan, professor de llengua catalana<\/div>\n<div><a href=\"http:\/\/www.satescoles.cat\/bearn\/\" target=\"_blank\" rel=\"noopener\">Bearn o la sala de les nines SAT<\/a><\/div>\n","protected":false},"excerpt":{"rendered":"<p>El dia 27 d&#8217;octubre, els alumnes de 2n de batxillerat de l&#8217;institut ens vam trobar al SAT Teatre per veure junts la posada en escena de la novel\u00b7la Bearn o la sala de les nines, de Lloren\u00e7 Villalonga. L&#8217;inter\u00e8s de l&#8217;acte estava fonamentat en el&hellip;  <a href=\"https:\/\/agora.xtec.cat\/iesnarcismonturiol\/general\/bearn-o-la-sala-de-les-nines-2n-de-batxillerat-al-sat\/\" title=\"Read Bearn o la sala de les nines; 2n de Batxillerat al SAT\">Llegeix m\u00e9s\u00bb<\/a><\/p>\n","protected":false},"author":5,"featured_media":4581,"comment_status":"closed","ping_status":"closed","sticky":false,"template":"","format":"standard","meta":{"_bbp_topic_count":0,"_bbp_reply_count":0,"_bbp_total_topic_count":0,"_bbp_total_reply_count":0,"_bbp_voice_count":0,"_bbp_anonymous_reply_count":0,"_bbp_topic_count_hidden":0,"_bbp_reply_count_hidden":0,"_bbp_forum_subforum_count":0,"footnotes":""},"categories":[121,1],"tags":[245],"class_list":["post-5399","post","type-post","status-publish","format-standard","has-post-thumbnail","hentry","category-catala","category-general","tag-literatura"],"post_mailing_queue_ids":[],"_links":{"self":[{"href":"https:\/\/agora.xtec.cat\/iesnarcismonturiol\/wp-json\/wp\/v2\/posts\/5399","targetHints":{"allow":["GET"]}}],"collection":[{"href":"https:\/\/agora.xtec.cat\/iesnarcismonturiol\/wp-json\/wp\/v2\/posts"}],"about":[{"href":"https:\/\/agora.xtec.cat\/iesnarcismonturiol\/wp-json\/wp\/v2\/types\/post"}],"author":[{"embeddable":true,"href":"https:\/\/agora.xtec.cat\/iesnarcismonturiol\/wp-json\/wp\/v2\/users\/5"}],"replies":[{"embeddable":true,"href":"https:\/\/agora.xtec.cat\/iesnarcismonturiol\/wp-json\/wp\/v2\/comments?post=5399"}],"version-history":[{"count":0,"href":"https:\/\/agora.xtec.cat\/iesnarcismonturiol\/wp-json\/wp\/v2\/posts\/5399\/revisions"}],"wp:featuredmedia":[{"embeddable":true,"href":"https:\/\/agora.xtec.cat\/iesnarcismonturiol\/wp-json\/wp\/v2\/media\/4581"}],"wp:attachment":[{"href":"https:\/\/agora.xtec.cat\/iesnarcismonturiol\/wp-json\/wp\/v2\/media?parent=5399"}],"wp:term":[{"taxonomy":"category","embeddable":true,"href":"https:\/\/agora.xtec.cat\/iesnarcismonturiol\/wp-json\/wp\/v2\/categories?post=5399"},{"taxonomy":"post_tag","embeddable":true,"href":"https:\/\/agora.xtec.cat\/iesnarcismonturiol\/wp-json\/wp\/v2\/tags?post=5399"}],"curies":[{"name":"wp","href":"https:\/\/api.w.org\/{rel}","templated":true}]}}